{"id":9144,"date":"2021-07-06T12:36:51","date_gmt":"2021-07-06T10:36:51","guid":{"rendered":"https:\/\/blog.a-rosa.de\/kreuzfahrt-blog\/?p=9144"},"modified":"2023-01-04T09:58:56","modified_gmt":"2023-01-04T08:58:56","slug":"saisonstart-2021-auf-dem-douro","status":"publish","type":"post","link":"https:\/\/blog.a-rosa.de\/kreuzfahrt-blog\/river-cruise-blogger\/saisonstart-2021-auf-dem-douro\/","title":{"rendered":"Saisonstart 2021 auf dem Douro"},"content":{"rendered":"<section class=\"av_textblock_section \"  itemscope=\"itemscope\" itemtype=\"https:\/\/schema.org\/BlogPosting\" itemprop=\"blogPost\" ><div class='avia_textblock  '   itemprop=\"text\" ><\/div><\/section>\n<h2>So sch\u00f6n und sicher kann Urlaub mit A-ROSA aktuell sein!<\/h2>\n<p>Es ist endlich so weit: Nach einer verl\u00e4ngerten Winterpause hat das Warten ein Ende und wir k\u00f6nnen wieder mit A-ROSA neue L\u00e4nder, St\u00e4dte und Kulturen entdecken. Nachdem im Juni der <strong>Saisonstart erfolgreich gelungen ist<\/strong>, steht einer <strong>SCH\u00d6NEN ZEIT<\/strong> an Bord nichts mehr im Weg. Doch vielleicht fragt ihr euch ja: Wie sehen Reisen unter den aktuellen Umst\u00e4nden mit A-ROSA aus? Welche Hygiene- und Schutzma\u00dfnahmen gibt es? Und wie sorgt die Crew an Land und an Bord f\u00fcr eure Sicherheit?<\/p>\n<p>Ich bin <strong>Anna-Maria, A-ROSA River Cruise Bloggerin<\/strong>, und im Juni konnte ich den Saisonstart der A-ROSA Flotte live begleiten. In diesem Beitrag habe ich f\u00fcr euch nun noch einmal die wichtigsten Hygiene- und Schutzma\u00dfnahmen von A-ROSA zusammengefasst. Gemeinsam mit wundersch\u00f6nen Reiseimpressionen bekommt ihr dabei einen umfassenden Einblick darin, wie Reisen mit A-ROSA derzeit m\u00f6glich sind.<\/p>\n<p><!--more--><\/p>\n<div class=\"flex_column av_one_half  flex_column_div first  \" ><h3>Sicherheit beginnt schon bei der Vorfreude<\/h3>\n<p>Um sicherzustellen, dass schon vor Reiseantritt die Gesundheit aller oberste Priorit\u00e4t hat, ben\u00f6tigen alle G\u00e4ste ab 6 Jahre vorab den Nachweis eines negativen PCR-Tests, Antigen-Schnelltests, einer vollst\u00e4ndigen COVID-19 Impfung oder einer Genesung von COVID-19.<\/p>\n<p>Au\u00dferdem wird euch bereits vor Reiseantritt eine Reisetauglichkeitserkl\u00e4rung zugeschickt, welche ihr in aller Ruhe ausf\u00fcllen und sp\u00e4ter beim Check-In an Bord abgeben k\u00f6nnt. Bestens vorbereitet und mit einem guten Gef\u00fchl wird euch dann bei Ankunft an Bord nur noch einmal kontaktlos die K\u00f6rpertemperatur gemessen und schon kann der Urlaub starten.<\/p>\n<p>So ein bisschen aufgeregt bin ich ja schon, als wir uns auf dem Weg vom Flughafen dem Schiff immer weiter n\u00e4hern. Doch sp\u00e4testens als ich die typische <strong>A-ROSA-Rose<\/strong> \u00fcberreicht bekomme und mit meinem pers\u00f6nlichen Lieblingsdrink an Deck stehe, die Auslaufmelodie <strong>\u201eFollowing my heart\u201c<\/strong> im Ohr, ist eins klar: Endlich hei\u00dft es wieder:<\/p>\n<h4 style=\"text-align: center;\"><strong>Leinen los f\u00fcr eine SCH\u00d6NE ZEIT!<\/strong><\/h4><\/div>\n<div class=\"flex_column av_one_half  flex_column_div   \" ><div class='avia-image-container  av-styling-    avia-align-center '  itemscope=\"itemscope\" itemtype=\"https:\/\/schema.org\/ImageObject\"  ><div class='avia-image-container-inner'><img class='avia_image ' src='https:\/\/blog.a-rosa.de\/wp-content\/uploads\/2021\/07\/B59DA2FB-5B84-4CE4-9C11-74036E03C9CC-632x1024.jpeg' alt='Frau in bunter Bluse steht an der Reling der A-ROSA ALVA und h\u00e4lt eine Rose, w\u00e4hrend sie auf die Weinberge am Douro blickt.' title='B59DA2FB-5B84-4CE4-9C11-74036E03C9CC'   itemprop=\"thumbnailUrl\"  \/><\/div><\/div><\/div>\n\t<div  class='av_promobox  avia-button-no '>\t\t<div class='avia-promocontent'><p>\n<em>Ein Hinweis f\u00fcr eure Reise: Bitte beachtet, dass f\u00fcr die Einreise in die Fahrtgebiete teilweise ein Nachweis im Sinne der 3G-Regel und eine Einreiseanmeldung verpflichtend sind. Weitere Infos \u00fcber die jeweiligen Regularien fasst A-ROSA f\u00fcr euch jeweils aktuell auf <\/em><a href=\"http:\/\/arosa.de\/aktuelles\"><em>arosa.de\/aktuelles<\/em><\/a><em> zusammen.<\/em><\/p>\n<\/div>\t<\/div>\n<p>&nbsp;<\/p>\n<div class=\"flex_column av_one_half  flex_column_div first  \" ><h3>Das A-ROSA Hygiene- und Schutzkonzept<\/h3>\n<p>W\u00e4hrend unserer Reise steht eins fest: F\u00fcr A-ROSA haben die <strong>Gesundheit<\/strong>, <strong>Sicherheit<\/strong> und das <strong>Wohlbefinden<\/strong> aller G\u00e4ste und Crewmitglieder <strong>h\u00f6chste Priorit\u00e4t<\/strong>. Wusstet ihr zum Beispiel, dass hierf\u00fcr extra ein A-ROSA Care-Team gebildet wurde, welches aus internen und externen Spezialisten besteht? Gemeinsam wurde auf Basis der beh\u00f6rdlichen Anordnungen und Empfehlungen des Robert Koch Instituts ein <strong>umfangreiches Schutz- und Hygienekonzept<\/strong> erarbeitet, das allen nationalen und internationalen Standards entspricht.<\/p>\n<p>Bestandteil dieses Konzepts ist es, dass \u00fcberall an Bord ein Mindestabstand von 1,5 Metern eingehalten wird. Um dies auch sicherzustellen, wurde die maximale Auslastung der A-ROSA Flotte reduziert und ein Wegeleitsystem eingerichtet. Zus\u00e4tzlich besteht in den \u00f6ffentlichen Bereichen unter Deck f\u00fcr alle G\u00e4ste ab 6 Jahren die Pflicht zum Tragen eines medizinischen Mund-Nasen-Schutzes bzw. einer FFP2-Maske. Selbstverst\u00e4ndlich tr\u00e4gt auch die Crew jederzeit einen solchen Schutz.<\/p>\n<p>Ich empfehle euch, immer eine ausreichende Anzahl medizinischer Masken mitzunehmen, sodass ihr diese regelm\u00e4\u00dfig wechseln k\u00f6nnen. Zudem kann es n\u00f6tig sein, auch FFP2-Masken mitzuf\u00fchren, da in einigen Regionen die Pflicht zum Tragen eines solchen Schutzes besteht.<\/p><\/div>\n<div class=\"flex_column av_one_half  flex_column_div   \" ><h3>Voller Genuss mit Premium Alles Inklusive<\/h3>\n<p>Viele A-ROSA Fans wird diese Nachricht ganz besonders freuen: Im Rahmen der <strong>VollpensionPlus<\/strong> genie\u00dfen alle G\u00e4ste an Bord ab sofort <strong>Fr\u00fchst\u00fcck, Mittag, Tee- und Kaffeestunde sowie Dinner wie gewohnt in Buffetform<\/strong>. Im Buffetbereich sorgen ein Wegeleitsystem, der Mindestabstand von 1,5 Metern, der zu tragende Mund-Nasen-Schutz sowie Handschuhe f\u00fcr zus\u00e4tzliche Sicherheit. Mundschutz sowie Handschuhe k\u00f6nnen am Platz dann selbstverst\u00e4ndlich abgenommen werden. Insgesamt wurde die Kapazit\u00e4t in den gastronomischen Bereichen reduziert und Trennscheiben eingezogen, um den erforderlichen Mindestabstand einhalten zu k\u00f6nnen. Au\u00dferdem wird euch zu Beginn eurer Reise durch den Maitre d&#8217;Hotel ein individueller Tisch zugewiesen, welcher auch f\u00fcr den Rest der Reise Bestand hat.<\/p>\n<p>F\u00fcr mich ist die Kulinarik an Bord jedes Mal wieder ein absolutes Highlight. Dabei freue ich mich ganz besonders, auf jeder Reise auch regionale Spezialit\u00e4ten ausprobieren zu k\u00f6nnen. Von meiner letzten A-ROSA Reise habe ich zum Beispiel ein Rezept f\u00fcr traditionelle Pasteis de Nata mitgenommen \u2013 und von der Mousse au Chocolat schw\u00e4rme ich immer noch!<\/p>\n<p>Im rundum-sorglos Tarif <strong>Premium Alles Inklusive<\/strong> k\u00f6nnt ihr an Bord euren Urlaub in vollen Z\u00fcgen genie\u00dfen. Dabei sind zahlreiche <strong>hochwertige Getr\u00e4nke bereits im Reisepreis inkludiert<\/strong> \u2013 vom obligatorischen Latte Macchiato am Morgen bis zum letzten A-ROSA Spritz am Abend.<\/p><\/div>\n<div class=\"flex_column av_one_half  flex_column_div first  \" ><div class='avia-image-container  av-styling-    avia-align-center '  itemscope=\"itemscope\" itemtype=\"https:\/\/schema.org\/ImageObject\"  ><div class='avia-image-container-inner'><img class='avia_image ' src='https:\/\/blog.a-rosa.de\/wp-content\/uploads\/2021\/07\/5BC48EBC-9242-4D42-9287-C5C5F5AC129D-1024x576.jpeg' alt='Am Nachmittag passiert ein A-ROSA Schiff die idyllische Douro-Landschaft mit Weinreben, Dorfh\u00e4usern und einer markanten Br\u00fccke.' title='5BC48EBC-9242-4D42-9287-C5C5F5AC129D'   itemprop=\"thumbnailUrl\"  \/><\/div><\/div><br \/>\n<div class='avia-image-container  av-styling-    avia-align-center '  itemscope=\"itemscope\" itemtype=\"https:\/\/schema.org\/ImageObject\"  ><div class='avia-image-container-inner'><img class='avia_image ' src='https:\/\/blog.a-rosa.de\/wp-content\/uploads\/2021\/07\/FE2D81FB-19DA-478A-A884-9293709FE883-1-1024x676.jpeg' alt='Barkeeperin mit Maske steht am Vormittag hinter der elegant beleuchteten Bar mit Spirituosenregal und Bar-Equipment auf einem A-ROSA Schiff.' title='FE2D81FB-19DA-478A-A884-9293709FE883'   itemprop=\"thumbnailUrl\"  \/><\/div><\/div><br \/>\n<div class='avia-image-container  av-styling-    avia-align-center '  itemscope=\"itemscope\" itemtype=\"https:\/\/schema.org\/ImageObject\"  ><div class='avia-image-container-inner'><img class='avia_image ' src='https:\/\/blog.a-rosa.de\/wp-content\/uploads\/2021\/07\/6922B114-D1F8-41F9-A2BC-46A4326382B8-1024x576.jpeg' alt='Die A-ROSA ALVA liegt am Ufer des Douro, im Vordergrund das Wasser und dahinter gr\u00fcne Weinberge und H\u00fcgel.' title='6922B114-D1F8-41F9-A2BC-46A4326382B8'   itemprop=\"thumbnailUrl\"  \/><\/div><\/div><\/div>\n<div class=\"flex_column av_one_half  flex_column_div   \" ><div class='avia-image-container  av-styling-    avia-align-center '  itemscope=\"itemscope\" itemtype=\"https:\/\/schema.org\/ImageObject\"  ><div class='avia-image-container-inner'><img class='avia_image ' src='https:\/\/blog.a-rosa.de\/wp-content\/uploads\/2021\/07\/9B1230E9-D6E1-4468-890D-20766188206A-207x300.jpeg' alt='Gebratener Fisch auf einem Kartoffelstampf mit Gem\u00fcsef\u00fcllung, serviert mit gebratenen Auberginen auf einem gr\u00fcnen Teller.' title='9B1230E9-D6E1-4468-890D-20766188206A'   itemprop=\"thumbnailUrl\"  \/><\/div><\/div><br \/>\n<div class='avia-image-container  av-styling-    avia-align-center '  itemscope=\"itemscope\" itemtype=\"https:\/\/schema.org\/ImageObject\"  ><div class='avia-image-container-inner'><img class='avia_image ' src='https:\/\/blog.a-rosa.de\/wp-content\/uploads\/2021\/07\/43BEF38C-ADA9-4FA3-8E77-75BA7037A324-187x300.jpeg' alt='Ein Glas Schokoladenmousse mit Himbeere und Baiser, dazu exotisches Obst wie Mango und Physalis auf einem wei\u00dfen Teller.' title='43BEF38C-ADA9-4FA3-8E77-75BA7037A324'   itemprop=\"thumbnailUrl\"  \/><\/div><\/div><\/div>\n<p>&nbsp;<\/p>\n<p>&nbsp;<\/p>\n<p>&nbsp;<\/p>\n<h3>Sicher unterwegs in wundersch\u00f6nen Destinationen<\/h3>\n<p>Neben der sch\u00f6nen Zeit an Bord geh\u00f6ren nat\u00fcrlich auch <strong>Landausfl\u00fcge<\/strong> zum perfekten Urlaub dazu! Eine Jeeptour durch die wilde Landschaft der Camargue, ein Stadtspaziergang mit Sachertorte durch Wien oder doch lieber Wandern durch die Weinberge Portugals?<em>\u00a0<\/em>Die M\u00f6glichkeiten sind endlos und bei einem <strong>Portfolio von<\/strong> <strong>\u00fcber 400 Ausfl\u00fcgen <\/strong>sollte wirklich f\u00fcr jeden Geschmack das Richtige dabei sein. Landausfl\u00fcge finden derzeit mit einer reduzierten Gruppengr\u00f6\u00dfe statt. Nat\u00fcrlich wird an Land sowie an Bord auf die Einhaltung aller regionalen Bestimmungen geachtet, sodass ihr die Reiseziele entspannt und sicher entdecken k\u00f6nnt.<\/p>\n<p>W\u00e4hrend der Reise habt ihr jedoch auch die M\u00f6glichkeit, auf individuelle Erkundungstouren in den St\u00e4dten zu gehen. Lasst euch einfach mal treiben, genie\u00dft die Urlaubsstimmung vor Ort und achtet dabei bitte immer darauf, die \u00f6rtlichen Ma\u00dfnahmen zur Pandemieeind\u00e4mmung zu befolgen und gr\u00f6\u00dfere Menschenansammlungen zu meiden.<\/p>\n<p>F\u00fcr mich pers\u00f6nlich ist ein <strong>riesiger Pluspunkt bei allen A-ROSA Reisen, dass ihr mit dem Schiff immer so zentral liegt<\/strong>. Sei es mitten in der Stadt, wie in <strong>Porto<\/strong>, <strong>Wien<\/strong> oder <strong>Budapest<\/strong>, oder umgeben von <strong>einzigartiger Landschaft und herrlicher Natur<\/strong>. Somit k\u00f6nnt ihr euren Ausflug direkt am Anleger starten und seid trotzdem direkt im Geschehen. Aber auch f\u00fcr einen kleinen Spaziergang zwischendurch ist dies nat\u00fcrlich der perfekte Ausgangspunkt. <strong>Mein Tipp f\u00fcr euch<\/strong>: Einfach nach dem Abendessen nochmal eine kleine Runde durch die Stadt spazieren und somit die herrlich beleuchteten Gassen erkunden. So lernt man eine Stadt gleich nochmal von einer ganz anderen Seite kennen.<\/p>\n<div  data-size='featured_large'  data-lightbox_size='large'  data-animation='slide'  data-ids='9192,9191,9193,9194,9195'  data-video_counter='0'  data-autoplay='false'  data-bg_slider='false'  data-slide_height=''  data-handle='av_slideshow'  data-interval='5'  data-class=' '  data-css_id=''  data-scroll_down=''  data-control_layout='av-control-default'  data-custom_markup=''  data-perma_caption=''  data-autoplay_stopper=''  data-image_attachment=''  data-min_height='0px'  data-default-height='42'  class='avia-slideshow avia-slideshow-1  av-control-default av-default-height-applied avia-slideshow-featured_large av_slideshow   avia-slide-slider '  itemscope=\"itemscope\" itemtype=\"https:\/\/schema.org\/ImageObject\" ><ul class='avia-slideshow-inner' style='padding-bottom: 42%;'><li  class=' slide-1 ' ><div data-rel='slideshow-1' class='avia-slide-wrap'  ><img src='https:\/\/blog.a-rosa.de\/wp-content\/uploads\/2021\/07\/092C69EA-3843-46BF-905C-32106FC0F848-1500x630.jpeg' width='1500' height='630' title='092C69EA-3843-46BF-905C-32106FC0F848' alt='Blick auf die Altstadt von Porto mit der markanten Br\u00fccke Dom Lu\u00eds I und bunten H\u00e4usern am Ufer des Douro.'  itemprop=\"thumbnailUrl\"   \/><\/div><\/li><li  class=' slide-2 ' ><div data-rel='slideshow-1' class='avia-slide-wrap'  ><img src='https:\/\/blog.a-rosa.de\/wp-content\/uploads\/2021\/07\/4DBA1FD7-1F55-4C71-B12B-6C1302E4E0D6-1500x630.jpeg' width='1500' height='630' title='4DBA1FD7-1F55-4C71-B12B-6C1302E4E0D6' alt='Frau in buntem Oberteil steht mit erhobenen Armen am Pooldeck der A-ROSA ALVA und blickt auf die gr\u00fcnen Weinberge des Dourotals.'  itemprop=\"thumbnailUrl\"   \/><\/div><\/li><li  class=' slide-3 ' ><div data-rel='slideshow-1' class='avia-slide-wrap'  ><img src='https:\/\/blog.a-rosa.de\/wp-content\/uploads\/2021\/07\/03B76077-BE7E-443F-A022-DD7EA3A72375-1500x630.jpeg' width='1500' height='630' title='03B76077-BE7E-443F-A022-DD7EA3A72375' alt='Sonnendeck mit Pool auf dem Flussschiff unter mehreren Br\u00fccken, umgeben von gr\u00fcnen H\u00fcgeln mit Weinreben.'  itemprop=\"thumbnailUrl\"   \/><\/div><\/li><li  class=' slide-4 ' ><div data-rel='slideshow-1' class='avia-slide-wrap'  ><img src='https:\/\/blog.a-rosa.de\/wp-content\/uploads\/2021\/07\/3C4ED751-7A90-4048-BFF2-A47E04653907-1500x630.jpeg' width='1500' height='630' title='3C4ED751-7A90-4048-BFF2-A47E04653907' alt='Weinberge und H\u00fcgel spiegeln sich im Douro, w\u00e4hrend Wolkenschleier die Bergkuppen umspielen.'  itemprop=\"thumbnailUrl\"   \/><\/div><\/li><li  class=' slide-5 ' ><div data-rel='slideshow-1' class='avia-slide-wrap'  ><img src='https:\/\/blog.a-rosa.de\/wp-content\/uploads\/2021\/07\/AB00C189-EC01-4168-8818-E57DF3FF0B30-1-1500x630.jpeg' width='1500' height='630' title='AB00C189-EC01-4168-8818-E57DF3FF0B30' alt='Blick vom Sonnendeck der A-ROSA ALVA auf eine ruhige Douro-Landschaft mit H\u00e4usern am Hang und Spiegelung im Fluss.'  itemprop=\"thumbnailUrl\"   \/><\/div><\/li><\/ul><div class='avia-slideshow-arrows avia-slideshow-controls'><a href='#prev' class='prev-slide' aria-hidden='true' data-av_icon='\ue87c' data-av_iconfont='entypo-fontello'>Zur\u00fcck<\/a><a href='#next' class='next-slide' aria-hidden='true' data-av_icon='\ue87d' data-av_iconfont='entypo-fontello'>Weiter<\/a><\/div><div class='avia-slideshow-dots avia-slideshow-controls'><a href='#1' class='goto-slide active' >1<\/a><a href='#2' class='goto-slide ' >2<\/a><a href='#3' class='goto-slide ' >3<\/a><a href='#4' class='goto-slide ' >4<\/a><a href='#5' class='goto-slide ' >5<\/a><\/div><\/div>\n<div class=\"flex_column av_one_half  flex_column_div first  \" ><div class='avia-image-container  av-styling-    avia-align-center '  itemscope=\"itemscope\" itemtype=\"https:\/\/schema.org\/ImageObject\"  ><div class='avia-image-container-inner'><img class='avia_image ' src='https:\/\/blog.a-rosa.de\/wp-content\/uploads\/2021\/07\/674B03F3-A5D8-4722-926A-43F19CFCC99E-675x1024.jpeg' alt='Eine Frau bei einer Massageanwendung, im Vordergrund ein wei\u00dfes Handtuch mit BABOR-Logo.' title='674B03F3-A5D8-4722-926A-43F19CFCC99E'   itemprop=\"thumbnailUrl\"  \/><\/div><\/div><\/div>\n<div class=\"flex_column av_one_half  flex_column_div   \" ><h3>Entspannung pur an Bord von A-ROSA<\/h3>\n<p>Nach einem erlebnisreichen Ausflug freue ich mich jedes Mal auf eine entspannende Auszeit im <strong>SPA-ROSA<\/strong>. Es gibt doch einfach nichts Sch\u00f6neres, als sich mit einer <strong>Massage<\/strong> oder in der <strong>Sauna<\/strong> mit Blick auf den Fluss so richtig verw\u00f6hnen zu lassen, oder? Das SPA-ROSA hat f\u00fcr alle G\u00e4ste wieder ge\u00f6ffnet, genauso wie der <strong>Pool und Whirlpool<\/strong>. F\u00fcr alle Sportlichen unter euch ist auch der <strong>Fitnessraum<\/strong> wieder unter Beachtung der Hygiene- und Abstandsregeln nutzbar.<\/p>\n<p><strong>Ein Tipp f\u00fcr alle Fr\u00fchaufsteher<\/strong>: Wenn der Morgennebel fr\u00fch noch leicht \u00fcber dem Fluss schwebt und das vorbeiziehende Flussufer so langsam erwacht, ist es an Deck herrlich ruhig und entspannt. Ein paar Yoga\u00fcbungen oder leichtes Stretching lassen euch ausgeglichen in den Tag starten. Glaubt mir, es gibt keinen sch\u00f6neren Ort f\u00fcr einen sanften Start in den Tag.<\/p><\/div>\n<p>&nbsp;<\/p>\n<p>&nbsp;<\/p>\n<h2>Seid ihr bereit f\u00fcr eine SCH\u00d6NE ZEIT mit A-ROSA?<\/h2>\n<p>Das <strong>A-ROSA &#8222;Safety First&#8220; Konzept<\/strong> hat bereits in der Saison 2020 seine Bew\u00e4hrungsprobe erfolgreich bestanden und wurde nun f\u00fcr die Saison 2021 den derzeitigen Bedingungen und Verordnungen angepasst.<\/p>\n<p>Mal ganz unter uns gesprochen: Reisen in der aktuellen Zeit kann auch einige Vorteile mit sich bringen! So profitiert ihr derzeit bei allen Reisen von einer reduzierten G\u00e4stezahl an Bord, der M\u00f6glichkeit einer kostenfreien Umbuchung bis 30 Tage vor Reisebeginn im Tarif Premium Alles Inklusive und der M\u00f6glichkeit einer kostenfreien Umbuchung bei positivem Covid-19 Test innerhalb von 30 Tagen vor Anreise. F\u00fcr das Maximum an Sicherheit bietet A-ROSA in Zusammenarbeit mit der Hanse Merkur au\u00dferdem einen neuen Corona-Schutz an, welcher unter Anderem in Falle einer n\u00f6tigen h\u00e4uslichen Isolation greift.<\/p>\n<p>Die aktuellen Entwicklungen und Empfehlungen werden an Bord sowie an Land aufmerksam und in Kontakt mit den Hafen- und Gesundheitsbeh\u00f6rden verfolgt. A-ROSA passt sich demnach dynamisch an die aktuelle Situation an, weshalb es immer zu \u00c4nderungen kommen kann. Informiert euch daher am besten immer noch einmal \u00fcber die derzeitigen Regelungen vor Reiseantritt:<\/p>\n<div class='avia-button-wrap avia-button-left '><a href='https:\/\/www.a-rosa.de\/flusskreuzfahrten\/unternehmen\/aktuelle-reise-informationen.html' class='avia-button   avia-icon_select-no avia-color-theme-color avia-size-medium avia-position-left '  target=\"_blank\"   ><span class='avia_iconbox_title' >AKTUELLE REISEINFORMATIONEN<\/span><\/a><\/div>\n<p>Ich hoffe, dass ihr mit all diesen Informationen bestens auf eure n\u00e4chste A-ROSA Reise vorbereitet seid. Schreibt doch mal in die Kommentare, auf welches Schiff es f\u00fcr euch demn\u00e4chst geht und worauf ihr euch dabei besonders freut. Ich bin schon ganz gespannt, von euch zu lesen.<\/p>\n<p>Ich w\u00fcnsche euch eine sichere und sch\u00f6ne Zeit an Bord der A-ROSA Flotte!<\/p>\n<p>Eure River Cruise Bloggerin<\/p>\n<div class='avia-image-container  av-styling-    avia-align-left '  itemscope=\"itemscope\" itemtype=\"https:\/\/schema.org\/ImageObject\"  ><div class='avia-image-container-inner'><img class='avia_image ' src='https:\/\/blog.a-rosa.de\/wp-content\/uploads\/2017\/10\/signatur_anna-maria_450px-300x113.jpg' alt='Die Unterschrift in Blau von der River Cruise Bloggerin Anna-Maria' title='signatur_anna-maria_450px'   itemprop=\"thumbnailUrl\"  \/><\/div><\/div>\n","protected":false},"excerpt":{"rendered":"<p>So sch\u00f6n und sicher kann Urlaub mit A-ROSA aktuell sein! Es ist endlich so weit: Nach einer verl\u00e4ngerten Winterpause hat das Warten ein Ende und wir k\u00f6nnen wieder mit A-ROSA neue L\u00e4nder, St\u00e4dte und Kulturen entdecken. Nachdem im Juni der Saisonstart erfolgreich gelungen ist, steht einer SCH\u00d6NEN ZEIT an Bord nichts mehr im Weg. Doch [&hellip;]<\/p>\n","protected":false},"author":11,"featured_media":9145,"comment_status":"open","ping_status":"open","sticky":false,"template":"","format":"standard","meta":{"footnotes":""},"categories":[17,46],"tags":[],"yoast_head":"<!-- This site is optimized with the Yoast SEO plugin v24.5 - https:\/\/yoast.com\/wordpress\/plugins\/seo\/ -->\n<title>Saisonstart 2021 auf dem Douro - A-ROSA Blog<\/title>\n<meta name=\"robots\" content=\"index, follow, max-snippet:-1, max-image-preview:large, max-video-preview:-1\" \/>\n<link rel=\"canonical\" href=\"https:\/\/blog.a-rosa.de\/kreuzfahrt-blog\/river-cruise-blogger\/saisonstart-2021-auf-dem-douro\/\" \/>\n<meta property=\"og:locale\" content=\"de_DE\" \/>\n<meta property=\"og:type\" content=\"article\" \/>\n<meta property=\"og:title\" content=\"Saisonstart 2021 auf dem Douro - A-ROSA Blog\" \/>\n<meta property=\"og:description\" content=\"So sch\u00f6n und sicher kann Urlaub mit A-ROSA aktuell sein! Es ist endlich so weit: Nach einer verl\u00e4ngerten Winterpause hat das Warten ein Ende und wir k\u00f6nnen wieder mit A-ROSA neue L\u00e4nder, St\u00e4dte und Kulturen entdecken. Nachdem im Juni der Saisonstart erfolgreich gelungen ist, steht einer SCH\u00d6NEN ZEIT an Bord nichts mehr im Weg. Doch [&hellip;]\" \/>\n<meta property=\"og:url\" content=\"https:\/\/blog.a-rosa.de\/kreuzfahrt-blog\/river-cruise-blogger\/saisonstart-2021-auf-dem-douro\/\" \/>\n<meta property=\"og:site_name\" content=\"A-ROSA Blog\" \/>\n<meta property=\"article:publisher\" content=\"https:\/\/www.facebook.com\/AROSAKreuzfahrten\/\" \/>\n<meta property=\"article:published_time\" content=\"2021-07-06T10:36:51+00:00\" \/>\n<meta property=\"article:modified_time\" content=\"2023-01-04T08:58:56+00:00\" \/>\n<meta property=\"og:image\" content=\"https:\/\/blog.a-rosa.de\/wp-content\/uploads\/2021\/07\/4CFAD703-DBEE-4BA6-BC28-82A8E8F0AF24-scaled-e1625567151405.jpeg\" \/>\n\t<meta property=\"og:image:width\" content=\"2560\" \/>\n\t<meta property=\"og:image:height\" content=\"1222\" \/>\n\t<meta property=\"og:image:type\" content=\"image\/jpeg\" \/>\n<meta name=\"author\" content=\"Online Redaktion\" \/>\n<meta name=\"twitter:card\" content=\"summary_large_image\" \/>\n<meta name=\"twitter:creator\" content=\"@arosacruises\" \/>\n<meta name=\"twitter:site\" content=\"@arosacruises\" \/>\n<meta name=\"twitter:label1\" content=\"Verfasst von\" \/>\n\t<meta name=\"twitter:data1\" content=\"Online Redaktion\" \/>\n\t<meta name=\"twitter:label2\" content=\"Gesch\u00e4tzte Lesezeit\" \/>\n\t<meta name=\"twitter:data2\" content=\"9\u00a0Minuten\" \/>\n<script type=\"application\/ld+json\" class=\"yoast-schema-graph\">{\"@context\":\"https:\/\/schema.org\",\"@graph\":[{\"@type\":\"Article\",\"@id\":\"https:\/\/blog.a-rosa.de\/kreuzfahrt-blog\/river-cruise-blogger\/saisonstart-2021-auf-dem-douro\/#article\",\"isPartOf\":{\"@id\":\"https:\/\/blog.a-rosa.de\/kreuzfahrt-blog\/river-cruise-blogger\/saisonstart-2021-auf-dem-douro\/\"},\"author\":{\"name\":\"Online Redaktion\",\"@id\":\"https:\/\/blog.a-rosa.de\/kreuzfahrt-blog\/#\/schema\/person\/22053d649bb62987a3140c777ce50487\"},\"headline\":\"Saisonstart 2021 auf dem Douro\",\"datePublished\":\"2021-07-06T10:36:51+00:00\",\"dateModified\":\"2023-01-04T08:58:56+00:00\",\"mainEntityOfPage\":{\"@id\":\"https:\/\/blog.a-rosa.de\/kreuzfahrt-blog\/river-cruise-blogger\/saisonstart-2021-auf-dem-douro\/\"},\"wordCount\":2191,\"commentCount\":0,\"publisher\":{\"@id\":\"https:\/\/blog.a-rosa.de\/kreuzfahrt-blog\/#organization\"},\"image\":{\"@id\":\"https:\/\/blog.a-rosa.de\/kreuzfahrt-blog\/river-cruise-blogger\/saisonstart-2021-auf-dem-douro\/#primaryimage\"},\"thumbnailUrl\":\"https:\/\/blog.a-rosa.de\/wp-content\/uploads\/2021\/07\/4CFAD703-DBEE-4BA6-BC28-82A8E8F0AF24-scaled-e1625567151405.jpeg\",\"articleSection\":[\"Reiseberichte\",\"River Cruise Blogger\"],\"inLanguage\":\"de\",\"potentialAction\":[{\"@type\":\"CommentAction\",\"name\":\"Comment\",\"target\":[\"https:\/\/blog.a-rosa.de\/kreuzfahrt-blog\/river-cruise-blogger\/saisonstart-2021-auf-dem-douro\/#respond\"]}]},{\"@type\":\"WebPage\",\"@id\":\"https:\/\/blog.a-rosa.de\/kreuzfahrt-blog\/river-cruise-blogger\/saisonstart-2021-auf-dem-douro\/\",\"url\":\"https:\/\/blog.a-rosa.de\/kreuzfahrt-blog\/river-cruise-blogger\/saisonstart-2021-auf-dem-douro\/\",\"name\":\"Saisonstart 2021 auf dem Douro - A-ROSA Blog\",\"isPartOf\":{\"@id\":\"https:\/\/blog.a-rosa.de\/kreuzfahrt-blog\/#website\"},\"primaryImageOfPage\":{\"@id\":\"https:\/\/blog.a-rosa.de\/kreuzfahrt-blog\/river-cruise-blogger\/saisonstart-2021-auf-dem-douro\/#primaryimage\"},\"image\":{\"@id\":\"https:\/\/blog.a-rosa.de\/kreuzfahrt-blog\/river-cruise-blogger\/saisonstart-2021-auf-dem-douro\/#primaryimage\"},\"thumbnailUrl\":\"https:\/\/blog.a-rosa.de\/wp-content\/uploads\/2021\/07\/4CFAD703-DBEE-4BA6-BC28-82A8E8F0AF24-scaled-e1625567151405.jpeg\",\"datePublished\":\"2021-07-06T10:36:51+00:00\",\"dateModified\":\"2023-01-04T08:58:56+00:00\",\"breadcrumb\":{\"@id\":\"https:\/\/blog.a-rosa.de\/kreuzfahrt-blog\/river-cruise-blogger\/saisonstart-2021-auf-dem-douro\/#breadcrumb\"},\"inLanguage\":\"de\",\"potentialAction\":[{\"@type\":\"ReadAction\",\"target\":[\"https:\/\/blog.a-rosa.de\/kreuzfahrt-blog\/river-cruise-blogger\/saisonstart-2021-auf-dem-douro\/\"]}]},{\"@type\":\"ImageObject\",\"inLanguage\":\"de\",\"@id\":\"https:\/\/blog.a-rosa.de\/kreuzfahrt-blog\/river-cruise-blogger\/saisonstart-2021-auf-dem-douro\/#primaryimage\",\"url\":\"https:\/\/blog.a-rosa.de\/wp-content\/uploads\/2021\/07\/4CFAD703-DBEE-4BA6-BC28-82A8E8F0AF24-scaled-e1625567151405.jpeg\",\"contentUrl\":\"https:\/\/blog.a-rosa.de\/wp-content\/uploads\/2021\/07\/4CFAD703-DBEE-4BA6-BC28-82A8E8F0AF24-scaled-e1625567151405.jpeg\",\"width\":2560,\"height\":1222,\"caption\":\"Eine Frau sitzt l\u00e4chelnd auf einer Steinmauer am Douro, im Hintergrund liegt das Flussschiff A-ROSA ALVA vor gr\u00fcnen Weinbergen.\"},{\"@type\":\"BreadcrumbList\",\"@id\":\"https:\/\/blog.a-rosa.de\/kreuzfahrt-blog\/river-cruise-blogger\/saisonstart-2021-auf-dem-douro\/#breadcrumb\",\"itemListElement\":[{\"@type\":\"ListItem\",\"position\":1,\"name\":\"Startseite\",\"item\":\"https:\/\/blog.a-rosa.de\/kreuzfahrt-blog\/home\/\"},{\"@type\":\"ListItem\",\"position\":2,\"name\":\"Saisonstart 2021 auf dem Douro\"}]},{\"@type\":\"WebSite\",\"@id\":\"https:\/\/blog.a-rosa.de\/kreuzfahrt-blog\/#website\",\"url\":\"https:\/\/blog.a-rosa.de\/kreuzfahrt-blog\/\",\"name\":\"A-ROSA Blog\",\"description\":\"Flusskreuzfahrten hautnah erleben\",\"publisher\":{\"@id\":\"https:\/\/blog.a-rosa.de\/kreuzfahrt-blog\/#organization\"},\"potentialAction\":[{\"@type\":\"SearchAction\",\"target\":{\"@type\":\"EntryPoint\",\"urlTemplate\":\"https:\/\/blog.a-rosa.de\/kreuzfahrt-blog\/?s={search_term_string}\"},\"query-input\":{\"@type\":\"PropertyValueSpecification\",\"valueRequired\":true,\"valueName\":\"search_term_string\"}}],\"inLanguage\":\"de\"},{\"@type\":\"Organization\",\"@id\":\"https:\/\/blog.a-rosa.de\/kreuzfahrt-blog\/#organization\",\"name\":\"A-ROSA Flusschiff GmbH\",\"url\":\"https:\/\/blog.a-rosa.de\/kreuzfahrt-blog\/\",\"logo\":{\"@type\":\"ImageObject\",\"inLanguage\":\"de\",\"@id\":\"https:\/\/blog.a-rosa.de\/kreuzfahrt-blog\/#\/schema\/logo\/image\/\",\"url\":\"https:\/\/blog.a-rosa.de\/wp-content\/uploads\/2017\/06\/logo.png\",\"contentUrl\":\"https:\/\/blog.a-rosa.de\/wp-content\/uploads\/2017\/06\/logo.png\",\"width\":600,\"height\":200,\"caption\":\"A-ROSA Flusschiff GmbH\"},\"image\":{\"@id\":\"https:\/\/blog.a-rosa.de\/kreuzfahrt-blog\/#\/schema\/logo\/image\/\"},\"sameAs\":[\"https:\/\/www.facebook.com\/AROSAKreuzfahrten\/\",\"https:\/\/x.com\/arosacruises\",\"https:\/\/instagram.com\/arosacruises\",\"https:\/\/www.pinterest.de\/arosakreuzfahrten\/\",\"https:\/\/www.youtube.com\/user\/ArosaCrew\"]},{\"@type\":\"Person\",\"@id\":\"https:\/\/blog.a-rosa.de\/kreuzfahrt-blog\/#\/schema\/person\/22053d649bb62987a3140c777ce50487\",\"name\":\"Online Redaktion\",\"url\":\"https:\/\/blog.a-rosa.de\/kreuzfahrt-blog\/author\/cgelhart\/\"}]}<\/script>\n<!-- \/ Yoast SEO plugin. -->","yoast_head_json":{"title":"Saisonstart 2021 auf dem Douro - A-ROSA Blog","robots":{"index":"index","follow":"follow","max-snippet":"max-snippet:-1","max-image-preview":"max-image-preview:large","max-video-preview":"max-video-preview:-1"},"canonical":"https:\/\/blog.a-rosa.de\/kreuzfahrt-blog\/river-cruise-blogger\/saisonstart-2021-auf-dem-douro\/","og_locale":"de_DE","og_type":"article","og_title":"Saisonstart 2021 auf dem Douro - A-ROSA Blog","og_description":"So sch\u00f6n und sicher kann Urlaub mit A-ROSA aktuell sein! Es ist endlich so weit: Nach einer verl\u00e4ngerten Winterpause hat das Warten ein Ende und wir k\u00f6nnen wieder mit A-ROSA neue L\u00e4nder, St\u00e4dte und Kulturen entdecken. Nachdem im Juni der Saisonstart erfolgreich gelungen ist, steht einer SCH\u00d6NEN ZEIT an Bord nichts mehr im Weg. Doch [&hellip;]","og_url":"https:\/\/blog.a-rosa.de\/kreuzfahrt-blog\/river-cruise-blogger\/saisonstart-2021-auf-dem-douro\/","og_site_name":"A-ROSA Blog","article_publisher":"https:\/\/www.facebook.com\/AROSAKreuzfahrten\/","article_published_time":"2021-07-06T10:36:51+00:00","article_modified_time":"2023-01-04T08:58:56+00:00","og_image":[{"width":2560,"height":1222,"url":"https:\/\/blog.a-rosa.de\/wp-content\/uploads\/2021\/07\/4CFAD703-DBEE-4BA6-BC28-82A8E8F0AF24-scaled-e1625567151405.jpeg","type":"image\/jpeg"}],"author":"Online Redaktion","twitter_card":"summary_large_image","twitter_creator":"@arosacruises","twitter_site":"@arosacruises","twitter_misc":{"Verfasst von":"Online Redaktion","Gesch\u00e4tzte Lesezeit":"9\u00a0Minuten"},"schema":{"@context":"https:\/\/schema.org","@graph":[{"@type":"Article","@id":"https:\/\/blog.a-rosa.de\/kreuzfahrt-blog\/river-cruise-blogger\/saisonstart-2021-auf-dem-douro\/#article","isPartOf":{"@id":"https:\/\/blog.a-rosa.de\/kreuzfahrt-blog\/river-cruise-blogger\/saisonstart-2021-auf-dem-douro\/"},"author":{"name":"Online Redaktion","@id":"https:\/\/blog.a-rosa.de\/kreuzfahrt-blog\/#\/schema\/person\/22053d649bb62987a3140c777ce50487"},"headline":"Saisonstart 2021 auf dem Douro","datePublished":"2021-07-06T10:36:51+00:00","dateModified":"2023-01-04T08:58:56+00:00","mainEntityOfPage":{"@id":"https:\/\/blog.a-rosa.de\/kreuzfahrt-blog\/river-cruise-blogger\/saisonstart-2021-auf-dem-douro\/"},"wordCount":2191,"commentCount":0,"publisher":{"@id":"https:\/\/blog.a-rosa.de\/kreuzfahrt-blog\/#organization"},"image":{"@id":"https:\/\/blog.a-rosa.de\/kreuzfahrt-blog\/river-cruise-blogger\/saisonstart-2021-auf-dem-douro\/#primaryimage"},"thumbnailUrl":"https:\/\/blog.a-rosa.de\/wp-content\/uploads\/2021\/07\/4CFAD703-DBEE-4BA6-BC28-82A8E8F0AF24-scaled-e1625567151405.jpeg","articleSection":["Reiseberichte","River Cruise Blogger"],"inLanguage":"de","potentialAction":[{"@type":"CommentAction","name":"Comment","target":["https:\/\/blog.a-rosa.de\/kreuzfahrt-blog\/river-cruise-blogger\/saisonstart-2021-auf-dem-douro\/#respond"]}]},{"@type":"WebPage","@id":"https:\/\/blog.a-rosa.de\/kreuzfahrt-blog\/river-cruise-blogger\/saisonstart-2021-auf-dem-douro\/","url":"https:\/\/blog.a-rosa.de\/kreuzfahrt-blog\/river-cruise-blogger\/saisonstart-2021-auf-dem-douro\/","name":"Saisonstart 2021 auf dem Douro - A-ROSA Blog","isPartOf":{"@id":"https:\/\/blog.a-rosa.de\/kreuzfahrt-blog\/#website"},"primaryImageOfPage":{"@id":"https:\/\/blog.a-rosa.de\/kreuzfahrt-blog\/river-cruise-blogger\/saisonstart-2021-auf-dem-douro\/#primaryimage"},"image":{"@id":"https:\/\/blog.a-rosa.de\/kreuzfahrt-blog\/river-cruise-blogger\/saisonstart-2021-auf-dem-douro\/#primaryimage"},"thumbnailUrl":"https:\/\/blog.a-rosa.de\/wp-content\/uploads\/2021\/07\/4CFAD703-DBEE-4BA6-BC28-82A8E8F0AF24-scaled-e1625567151405.jpeg","datePublished":"2021-07-06T10:36:51+00:00","dateModified":"2023-01-04T08:58:56+00:00","breadcrumb":{"@id":"https:\/\/blog.a-rosa.de\/kreuzfahrt-blog\/river-cruise-blogger\/saisonstart-2021-auf-dem-douro\/#breadcrumb"},"inLanguage":"de","potentialAction":[{"@type":"ReadAction","target":["https:\/\/blog.a-rosa.de\/kreuzfahrt-blog\/river-cruise-blogger\/saisonstart-2021-auf-dem-douro\/"]}]},{"@type":"ImageObject","inLanguage":"de","@id":"https:\/\/blog.a-rosa.de\/kreuzfahrt-blog\/river-cruise-blogger\/saisonstart-2021-auf-dem-douro\/#primaryimage","url":"https:\/\/blog.a-rosa.de\/wp-content\/uploads\/2021\/07\/4CFAD703-DBEE-4BA6-BC28-82A8E8F0AF24-scaled-e1625567151405.jpeg","contentUrl":"https:\/\/blog.a-rosa.de\/wp-content\/uploads\/2021\/07\/4CFAD703-DBEE-4BA6-BC28-82A8E8F0AF24-scaled-e1625567151405.jpeg","width":2560,"height":1222,"caption":"Eine Frau sitzt l\u00e4chelnd auf einer Steinmauer am Douro, im Hintergrund liegt das Flussschiff A-ROSA ALVA vor gr\u00fcnen Weinbergen."},{"@type":"BreadcrumbList","@id":"https:\/\/blog.a-rosa.de\/kreuzfahrt-blog\/river-cruise-blogger\/saisonstart-2021-auf-dem-douro\/#breadcrumb","itemListElement":[{"@type":"ListItem","position":1,"name":"Startseite","item":"https:\/\/blog.a-rosa.de\/kreuzfahrt-blog\/home\/"},{"@type":"ListItem","position":2,"name":"Saisonstart 2021 auf dem Douro"}]},{"@type":"WebSite","@id":"https:\/\/blog.a-rosa.de\/kreuzfahrt-blog\/#website","url":"https:\/\/blog.a-rosa.de\/kreuzfahrt-blog\/","name":"A-ROSA Blog","description":"Flusskreuzfahrten hautnah erleben","publisher":{"@id":"https:\/\/blog.a-rosa.de\/kreuzfahrt-blog\/#organization"},"potentialAction":[{"@type":"SearchAction","target":{"@type":"EntryPoint","urlTemplate":"https:\/\/blog.a-rosa.de\/kreuzfahrt-blog\/?s={search_term_string}"},"query-input":{"@type":"PropertyValueSpecification","valueRequired":true,"valueName":"search_term_string"}}],"inLanguage":"de"},{"@type":"Organization","@id":"https:\/\/blog.a-rosa.de\/kreuzfahrt-blog\/#organization","name":"A-ROSA Flusschiff GmbH","url":"https:\/\/blog.a-rosa.de\/kreuzfahrt-blog\/","logo":{"@type":"ImageObject","inLanguage":"de","@id":"https:\/\/blog.a-rosa.de\/kreuzfahrt-blog\/#\/schema\/logo\/image\/","url":"https:\/\/blog.a-rosa.de\/wp-content\/uploads\/2017\/06\/logo.png","contentUrl":"https:\/\/blog.a-rosa.de\/wp-content\/uploads\/2017\/06\/logo.png","width":600,"height":200,"caption":"A-ROSA Flusschiff GmbH"},"image":{"@id":"https:\/\/blog.a-rosa.de\/kreuzfahrt-blog\/#\/schema\/logo\/image\/"},"sameAs":["https:\/\/www.facebook.com\/AROSAKreuzfahrten\/","https:\/\/x.com\/arosacruises","https:\/\/instagram.com\/arosacruises","https:\/\/www.pinterest.de\/arosakreuzfahrten\/","https:\/\/www.youtube.com\/user\/ArosaCrew"]},{"@type":"Person","@id":"https:\/\/blog.a-rosa.de\/kreuzfahrt-blog\/#\/schema\/person\/22053d649bb62987a3140c777ce50487","name":"Online Redaktion","url":"https:\/\/blog.a-rosa.de\/kreuzfahrt-blog\/author\/cgelhart\/"}]}},"_links":{"self":[{"href":"https:\/\/blog.a-rosa.de\/kreuzfahrt-blog\/wp-json\/wp\/v2\/posts\/9144"}],"collection":[{"href":"https:\/\/blog.a-rosa.de\/kreuzfahrt-blog\/wp-json\/wp\/v2\/posts"}],"about":[{"href":"https:\/\/blog.a-rosa.de\/kreuzfahrt-blog\/wp-json\/wp\/v2\/types\/post"}],"author":[{"embeddable":true,"href":"https:\/\/blog.a-rosa.de\/kreuzfahrt-blog\/wp-json\/wp\/v2\/users\/11"}],"replies":[{"embeddable":true,"href":"https:\/\/blog.a-rosa.de\/kreuzfahrt-blog\/wp-json\/wp\/v2\/comments?post=9144"}],"version-history":[{"count":47,"href":"https:\/\/blog.a-rosa.de\/kreuzfahrt-blog\/wp-json\/wp\/v2\/posts\/9144\/revisions"}],"predecessor-version":[{"id":15185,"href":"https:\/\/blog.a-rosa.de\/kreuzfahrt-blog\/wp-json\/wp\/v2\/posts\/9144\/revisions\/15185"}],"wp:featuredmedia":[{"embeddable":true,"href":"https:\/\/blog.a-rosa.de\/kreuzfahrt-blog\/wp-json\/wp\/v2\/media\/9145"}],"wp:attachment":[{"href":"https:\/\/blog.a-rosa.de\/kreuzfahrt-blog\/wp-json\/wp\/v2\/media?parent=9144"}],"wp:term":[{"taxonomy":"category","embeddable":true,"href":"https:\/\/blog.a-rosa.de\/kreuzfahrt-blog\/wp-json\/wp\/v2\/categories?post=9144"},{"taxonomy":"post_tag","embeddable":true,"href":"https:\/\/blog.a-rosa.de\/kreuzfahrt-blog\/wp-json\/wp\/v2\/tags?post=9144"}],"curies":[{"name":"wp","href":"https:\/\/api.w.org\/{rel}","templated":true}]}}