{"id":8734,"date":"2019-10-25T17:07:08","date_gmt":"2019-10-25T15:07:08","guid":{"rendered":"https:\/\/blog.a-rosa.de\/kreuzfahrt-blog\/?p=8734"},"modified":"2022-06-23T12:40:57","modified_gmt":"2022-06-23T10:40:57","slug":"mein-budapest-die-ungarische-hauptstadt-im-herzen-europas","status":"publish","type":"post","link":"https:\/\/blog.a-rosa.de\/kreuzfahrt-blog\/a-rosa-persoenlich\/mein-budapest-die-ungarische-hauptstadt-im-herzen-europas\/","title":{"rendered":"Mein Budapest- Die ungarische Hauptstadt im Herzen Europas."},"content":{"rendered":"<section class=\"av_textblock_section \"  itemscope=\"itemscope\" itemtype=\"https:\/\/schema.org\/BlogPosting\" itemprop=\"blogPost\" ><div class='avia_textblock  '   itemprop=\"text\" ><p>Sziasztok oder auch Hallo! Ich bin <strong>Laura<\/strong> und mache ein <strong>Praktikum<\/strong> bei A-ROSA in Rostock. Das Praktikum f\u00fcr das Studium erm\u00f6glicht mir einen Einblick in die verschiedenen Abteilungen der Firma. Studiert habe ich in Budapest, an der Corvinus Universit\u00e4t, denn ein Teil meiner Familie ist auch aus Ungarn. Als budapester Student hat man die M\u00f6glichkeit die Stadt von allen Seiten zu entdecken. Deshalb m\u00f6chte ich mein <strong>Insider-Wissen<\/strong> mit euch teilen und meine pers\u00f6nlichen <strong>Lieblings-Ecken und Highlights<\/strong> zeigen, vielleicht wird der eine oder andere ja f\u00fcr seine n\u00e4chsten <a href=\"https:\/\/www.a-rosa.de\/flusskreuzfahrten\/donau\/donaukreuzfahrten.html\" target=\"_blank\" rel=\"noopener noreferrer\">Donau-Kreuzfahrt<\/a> inspiriert.<\/p>\n<\/div><\/section>\n<p><!--more--><\/p>\n<div  class='hr hr-default  '><span class='hr-inner ' ><span class='hr-inner-style'><\/span><\/span><\/div>\n<section class=\"av_textblock_section \"  itemscope=\"itemscope\" itemtype=\"https:\/\/schema.org\/BlogPosting\" itemprop=\"blogPost\" ><div class='avia_textblock  '   itemprop=\"text\" ><h2>Das ist mein Budapest<\/h2>\n<p>Die Metropole ist extrem lebendig, jung und st\u00e4ndig im Wandel. Von dem Unigeb\u00e4ude aus sieht man prima die Anlegestelle, wo die unverwechselbaren Schiffe mit der Rose halt machen. Die zwei Stadtseiten werden mithilfe von sieben Br\u00fccken miteinander verbunden. Sie sind zentrale Elemente im Stadtbild und auch oft ber\u00fchmte Sehensw\u00fcrdigkeiten. Budapest teilt sich grob gesprochen in zwei Stadtteile: Buda und Pest. Buda ist der h\u00fcgelige Teil und wird gemeinhin als die gehobene Gegend betrachtet. Auf dieser Site befindet sich auch das Burgviertel. Die Pester Seite dagegen ist flach und stadtlicher. Sie ist dichter besiedelt und lebendiger. Das Zentrum ist relativ leicht \u00fcberschaubar, sodass man viele Highlights zu Fu\u00df erreichen kann.<\/p>\n<p>Den allerersten <strong>Tipp habe ich schon jetzt f\u00fcr euch: <\/strong>die <a href=\"https:\/\/bkk.hu\/en\/\" target=\"_blank\" rel=\"noopener noreferrer\">\u00f6ffentlichen Verkehrsmittel<\/a> der Stadt. Sie sind stark vernetzt und ihr k\u00f6nnt jede Sehensw\u00fcrdigkeit schnell und bequem erreichen. Es lohnt sich eine Fahrt mit einer der \u00e4ltesten U-Bahn Linien der Welt zu machen! Kinder und Studenten kriegen erm\u00e4\u00dfigte Fahrkarten. Senioren \u00fcber 65, die aus EU-L\u00e4ndern kommen, k\u00f6nnen Bus und Bahn in ganz Ungarn \u2013 also auch in Budapest \u2013 kostenlos nutzen!<\/p>\n<\/div><\/section>\n<div  class='hr hr-default  '><span class='hr-inner ' ><span class='hr-inner-style'><\/span><\/span><\/div>\n<div style='padding-bottom:10px;' class='av-special-heading av-special-heading-h2     '><h2 class='av-special-heading-tag '  itemprop=\"headline\"  >Kulinarische Empfehlungen, die ihr nicht verpassen solltet<\/h2><div class='special-heading-border'><div class='special-heading-inner-border' ><\/div><\/div><\/div>\n<div class=\"flex_column av_two_fifth  flex_column_div av-zero-column-padding first  \" style='border-radius:0px; '><div class='avia-image-container  av-styling-  noHover  av-overlay-on-hover   avia-align-center '  itemscope=\"itemscope\" itemtype=\"https:\/\/schema.org\/ImageObject\"  ><div class='avia-image-container-inner'><div class='av-image-caption-overlay'><div class='av-caption-image-overlay-bg' style='opacity:0.4; background-color:#000000; '><\/div><div class='av-image-caption-overlay-position'><div class='av-image-caption-overlay-center' style='color:#ffffff; '><p>Ein leckerer Milchkaffee im Cafe Frei Budapest.<\/p>\n<\/div><\/div><\/div><img class='avia_image ' src='https:\/\/blog.a-rosa.de\/wp-content\/uploads\/2019\/10\/72700870_548054785736765_2613397263568863232_n.jpg' alt='Drei k\u00f6stliche Getr\u00e4nke auf einem Tablett: ein Milkshake, ein Eiskaffee und ein frappierter Kaffee.' title='72700870_548054785736765_2613397263568863232_n'   itemprop=\"thumbnailUrl\"  \/><\/div><\/div><\/div>\n<div class=\"flex_column av_three_fifth  flex_column_div av-zero-column-padding   \" style='border-radius:0px; '><div style='padding-bottom:10px;' class='av-special-heading av-special-heading-h3    '><h3 class='av-special-heading-tag '  itemprop=\"headline\"  >Freie Wahl im Cafe Frei<\/h3><div class='special-heading-border'><div class='special-heading-inner-border' ><\/div><\/div><\/div><br \/>\n<section class=\"av_textblock_section \"  itemscope=\"itemscope\" itemtype=\"https:\/\/schema.org\/BlogPosting\" itemprop=\"blogPost\" ><div class='avia_textblock  '   itemprop=\"text\" ><p>In Budapest gibt es eine gro\u00dfartige Kaffeehauskultur, \u00e4hnlich wie in <a href=\"https:\/\/blog.a-rosa.de\/kreuzfahrt-blog\/a-rosa-persoenlich\/donau-kurzreise-wien-fruehlingsgefuehle-auf-a-rosa-donna\/\" target=\"_blank\" rel=\"noopener noreferrer\">Wien<\/a>. Du findest hier sowohl historische und sehr prunkvolle Kaffeeh\u00e4user als auch junge Caf\u00e9s. Wenn du w\u00e4hrend deiner Besichtigung Hunger bekommst oder ein bisschen Energie brauchst kann ich dir nur mein Lieblingscaf\u00e9, das <a href=\"https:\/\/www.cafefrei.hu\/\">Cafe Frei<\/a> empfehlen. Die ungarische Franchisekette hat schon sehr viele Standorte in und au\u00dferhalb der Innenstadt eingerichtet. Das Besondere an diesem Caf\u00e9 ist die riesengro\u00dfe Auswahl. Sorten. Sie \u00a0bieten mehr als 70 verschiedene Kaffeerezepte aus den gro\u00dfen \u201eKaffeek\u00fcchen\u201c der Welt an. Mein pers\u00f6nlicher Liebling sind die Eiskaffees, mit Orangen und selbstgemachtem Bourbon-Vanilleeis. Einfach himmlisch!<\/p>\n<\/div><\/section><\/div>\n<div style='height:50px' class='hr hr-invisible  '><span class='hr-inner ' ><span class='hr-inner-style'><\/span><\/span><\/div>\n<div style='padding-bottom:10px;' class='av-special-heading av-special-heading-h3     '><h3 class='av-special-heading-tag '  itemprop=\"headline\"  >Das New York Cafe<\/h3><div class='special-heading-border'><div class='special-heading-inner-border' ><\/div><\/div><\/div>\n<div class=\"flex_column av_one_full  flex_column_div av-zero-column-padding first  \" style='border-radius:0px; '><section class=\"av_textblock_section \"  itemscope=\"itemscope\" itemtype=\"https:\/\/schema.org\/BlogPosting\" itemprop=\"blogPost\" ><div class='avia_textblock  '   itemprop=\"text\" ><p>Eines der ber\u00fchmtesten und aufwendigsten Kaffeeh\u00e4user ist das<a href=\"http:\/\/www.newyorkcafe.hu\/main-page.html?lang=en\" target=\"_blank\" rel=\"noopener noreferrer\"> New York Caf\u00e9<\/a>. Das Interieur ist atemberaubend, es wurden kiloweise Blattgold, Reliefs aus Stuck und Marmor verarbeitet. Das 1894 er\u00f6ffnete Caf\u00e9 ist nicht f\u00fcr den allt\u00e4glichen Morgenkaffee gedacht, steht bei den besonderen Kaffeeh\u00e4usern ganz oben auf der Liste.<\/p>\n<\/div><\/section><\/div>\n<div class=\"flex_column av_one_half  flex_column_div av-zero-column-padding first  \" style='border-radius:0px; '><div class='avia-image-container  av-styling-  noHover  av-overlay-on-hover   avia-align-center '  itemscope=\"itemscope\" itemtype=\"https:\/\/schema.org\/ImageObject\"  ><div class='avia-image-container-inner'><div class='av-image-caption-overlay'><div class='av-caption-image-overlay-bg' style='opacity:0.4; background-color:#000000; '><\/div><div class='av-image-caption-overlay-position'><div class='av-image-caption-overlay-center' style='color:#ffffff; '><p>Ausblick aus dem New York Cafe.<\/p>\n<\/div><\/div><\/div><img class='avia_image ' src='https:\/\/blog.a-rosa.de\/wp-content\/uploads\/2019\/10\/14bb4036-202e-4254-8248-118acc4e522f-768x1024.jpg' alt='Fensteransicht des Caf\u00e9s mit Blick auf die Stra\u00dfe und historische Geb\u00e4ude in der Stadt.' title='14bb4036-202e-4254-8248-118acc4e522f'   itemprop=\"thumbnailUrl\"  \/><\/div><\/div><\/div>\n<div class=\"flex_column av_one_half  flex_column_div av-zero-column-padding   \" style='border-radius:0px; '><div class='avia-image-container  av-styling-  noHover  av-overlay-on-hover   avia-align-center '  itemscope=\"itemscope\" itemtype=\"https:\/\/schema.org\/ImageObject\"  ><div class='avia-image-container-inner'><div class='av-image-caption-overlay'><div class='av-caption-image-overlay-bg' style='opacity:0.4; background-color:#000000; '><\/div><div class='av-image-caption-overlay-position'><div class='av-image-caption-overlay-center' style='color:#ffffff; '><p>Das New York Cafe von au\u00dfen.<\/p>\n<\/div><\/div><\/div><img class='avia_image ' src='https:\/\/blog.a-rosa.de\/wp-content\/uploads\/2019\/10\/9efc6eff-0355-401c-b953-6ececd5a736e-768x1024.jpg' alt='Fassade des New York Palace mit historischen Details und gro\u00dfen Hinweisschildern.' title='9efc6eff-0355-401c-b953-6ececd5a736e'   itemprop=\"thumbnailUrl\"  \/><\/div><\/div><\/div>\n<div style='padding-bottom:10px;' class='av-special-heading av-special-heading-h3     '><h3 class='av-special-heading-tag '  itemprop=\"headline\"  >Das Highlight \u00dcBER Budapest<\/h3><div class='special-heading-border'><div class='special-heading-inner-border' ><\/div><\/div><\/div>\n<div class=\"flex_column av_one_full  flex_column_div av-zero-column-padding first  \" style='border-radius:0px; '><section class=\"av_textblock_section \"  itemscope=\"itemscope\" itemtype=\"https:\/\/schema.org\/BlogPosting\" itemprop=\"blogPost\" ><div class='avia_textblock  '   itemprop=\"text\" ><p>Durch die Budapester Altstadt zu schlendern ist die eine Perspektive. Aber die Stadt \u00fcber den D\u00e4chern zu beobachten ist besonders eindrucksvoll. Dazu braucht ihr auch keine besonderen Flugf\u00e4higkeiten. Einfach einer der coolen Roof-top Bars in Budapest aufsuchen. Empfehlen kann ich beispielsweise die <a href=\"http:\/\/www.360bar.hu\/?lang=en\" target=\"_blank\" rel=\"noopener noreferrer\">360 Bar<\/a>. Hier kann man bei einem leckeren Cocktail das wundersch\u00f6ne Panorama und den Sonnenuntergang genie\u00dfen.<\/p>\n<\/div><\/section><\/div>\n<div class='avia-image-container  av-styling-  noHover  av-overlay-on-hover   avia-align-center '  itemscope=\"itemscope\" itemtype=\"https:\/\/schema.org\/ImageObject\"  ><div class='avia-image-container-inner'><div class='av-image-caption-overlay'><div class='av-caption-image-overlay-bg' style='opacity:0.4; background-color:#000000; '><\/div><div class='av-image-caption-overlay-position'><div class='av-image-caption-overlay-center' style='color:#ffffff; '><p>Panoramablick von der 360 Bar in Budapest.<\/p>\n<\/div><\/div><\/div><img class='avia_image ' src='https:\/\/blog.a-rosa.de\/wp-content\/uploads\/2019\/10\/13445898_1757671591169312_759480014_o-1500x630.jpg' alt='Blick \u00fcber die D\u00e4cher mit Wolken und einem h\u00fcgeligen Hintergrund in der Stadt.' title='13445898_1757671591169312_759480014_o'   itemprop=\"thumbnailUrl\"  \/><\/div><\/div>\n<div  class='hr hr-default  '><span class='hr-inner ' ><span class='hr-inner-style'><\/span><\/span><\/div>\n<div style='padding-bottom:10px;' class='av-special-heading av-special-heading-h2     '><h2 class='av-special-heading-tag '  itemprop=\"headline\"  >Die Stadt, die nie schl\u00e4ft&#8230;<\/h2><div class='special-heading-border'><div class='special-heading-inner-border' ><\/div><\/div><\/div>\n<div class=\"flex_column av_one_full  flex_column_div av-zero-column-padding first  \" style='border-radius:0px; '><section class=\"av_textblock_section \"  itemscope=\"itemscope\" itemtype=\"https:\/\/schema.org\/BlogPosting\" itemprop=\"blogPost\" ><div class='avia_textblock  '   itemprop=\"text\" ><p>Die wundersch\u00f6nen Br\u00fccken der Stadt sind Nachts beleuchtet ein perfektes Fotomotiv. Die Margaretenbr\u00fccke ist weniger auff\u00e4llig, daf\u00fcr aber besonders in ihrer Konstruktion. Sie ist eine Doppelbr\u00fccke, die beide Uferseiten miteinander verbindet und einen Zugang zur Margareteninsel bietet. Die Insel ist mein Lieblingsplatz zum Joggen in der Stadt. Neben einer 5 km langen Laufbahn gibt es einen wundersch\u00f6nen japanischen Garten und einen musizierenden Brunnen, der zu bestimmten Tageszeiten wundersch\u00f6ne Effekte und Lichtshows projiziert. Nachts treffen sich viele junge Leute auf der Insel, oft werden auch Konzerte veranstaltet.<\/p>\n<\/div><\/section><\/div>\n<div class=\"flex_column av_one_full  flex_column_div av-zero-column-padding first  \" style='border-radius:0px; '><div class='av-horizontal-gallery av-horizontal-gallery-large-gap av-horizontal-gallery-enlarge-effect av-horizontal-gallery-1  av-control-default '  itemscope=\"itemscope\" itemtype=\"https:\/\/schema.org\/ImageObject\"  style='padding: 7.5% 0px;' data-av-enlarge='1.3'  ><div class='avia-slideshow-arrows avia-slideshow-controls'><a href='#prev' class='prev-slide av-horizontal-gallery-prev' aria-hidden='true' data-av_icon='\ue87c' data-av_iconfont='entypo-fontello'>Zur\u00fcck<\/a><a href='#next' class='next-slide av-horizontal-gallery-next' aria-hidden='true' data-av_icon='\ue87d' data-av_iconfont='entypo-fontello'>Weiter<\/a><\/div><div class='av-horizontal-gallery-inner' style='padding-bottom:50%' data-av-height='50'><div class='av-horizontal-gallery-slider'><div class='av-horizontal-gallery-wrap noHover'><img class='av-horizontal-gallery-img' width='768' height='1024' src='https:\/\/blog.a-rosa.de\/wp-content\/uploads\/2019\/10\/IMG_2112-c-768x1024.jpg' title='IMG_2112 c' alt='Die gr\u00fcn beleuchtete Freiheitsbr\u00fccke in Budapest \u00fcberspannt bei Nacht die Donau, umgeben von funkelnden Lichtern und historischen Geb\u00e4uden.' \/><a href='https:\/\/blog.a-rosa.de\/wp-content\/uploads\/2019\/10\/IMG_2112-c-768x1024.jpg'  class='av-horizontal-gallery-link' aria-hidden='true' data-av_icon='\ue869' data-av_iconfont='entypo-fontello' title='IMG_2112 c'><\/a><\/div><div class='av-horizontal-gallery-wrap noHover'><img class='av-horizontal-gallery-img' width='768' height='1024' src='https:\/\/blog.a-rosa.de\/wp-content\/uploads\/2019\/10\/IMG_20190826_185549-768x1024.jpg' title='IMG_20190826_185549' alt='Ein gepflegter Park mit bunt bl\u00fchenden Blumenbeeten und wei\u00dfen B\u00e4nken, umgeben von B\u00e4umen unter leicht bew\u00f6lktem Himmel.' \/><a href='https:\/\/blog.a-rosa.de\/wp-content\/uploads\/2019\/10\/IMG_20190826_185549-768x1024.jpg'  class='av-horizontal-gallery-link' aria-hidden='true' data-av_icon='\ue869' data-av_iconfont='entypo-fontello' title='IMG_20190826_185549'><\/a><\/div><div class='av-horizontal-gallery-wrap noHover'><img class='av-horizontal-gallery-img' width='768' height='1024' src='https:\/\/blog.a-rosa.de\/wp-content\/uploads\/2019\/10\/IMG_20181112_163212-768x1024.jpg' title='dav' alt='Abendstimmung am Donauufer in Budapest mit beleuchteten Fassaden, dem Gell\u00e9rt-Hotel und funkelnden Lichtreflexen im Wasser.' \/><a href='https:\/\/blog.a-rosa.de\/wp-content\/uploads\/2019\/10\/IMG_20181112_163212-768x1024.jpg'  class='av-horizontal-gallery-link' aria-hidden='true' data-av_icon='\ue869' data-av_iconfont='entypo-fontello' title='dav'><\/a><\/div><div class='av-horizontal-gallery-wrap noHover'><img class='av-horizontal-gallery-img' width='764' height='1024' src='https:\/\/blog.a-rosa.de\/wp-content\/uploads\/2019\/10\/72526519_622304538300576_2419990539723079680_n-764x1024.jpg' title='72526519_622304538300576_2419990539723079680_n' alt='Wundersch\u00f6ner Sonnenuntergang mit bunten Wolken \u00fcber einer Stadtstra\u00dfe.' \/><a href='https:\/\/blog.a-rosa.de\/wp-content\/uploads\/2019\/10\/72526519_622304538300576_2419990539723079680_n-764x1024.jpg'  class='av-horizontal-gallery-link' aria-hidden='true' data-av_icon='\ue869' data-av_iconfont='entypo-fontello' title='72526519_622304538300576_2419990539723079680_n'><\/a><\/div><\/div><\/div><\/div><\/div>\n<div class=\"flex_column av_two_fifth  flex_column_div av-zero-column-padding first  \" style='border-radius:0px; '><section class=\"av_textblock_section \"  itemscope=\"itemscope\" itemtype=\"https:\/\/schema.org\/BlogPosting\" itemprop=\"blogPost\" ><div class='avia_textblock  '   itemprop=\"text\" ><p>Einer meiner Lieblingsh\u00f6fe ist der <a href=\"https:\/\/www.gozsduudvar.hu\/gozsdu\" target=\"_blank\" rel=\"noopener noreferrer\">Gozsdu-Hof.<\/a> Tags\u00fcber eine Gasse mit Art-M\u00e4rkten und Restaurants, zur D\u00e4mmerung verwandelt sich die Gegend in eine Unterhaltungsmeile. Von Pubs bis Karaokebars ist hier alles zu finden. Meine Lieblingsrestaurants in der Gegend: Zing Burger mit leckeren hausgemachten Hamburgern, Pad Thai, Thai-Essen frisch zubereitet und die ungarische Spezialit\u00e4t Langos!<\/p>\n<\/div><\/section><br \/>\n<\/p><\/div>\n<div class=\"flex_column av_three_fifth  flex_column_div av-zero-column-padding   \" style='border-radius:0px; '><p><br \/>\n<div class='avia-image-container  av-styling-  noHover  av-overlay-on-hover   avia-align-center '  itemscope=\"itemscope\" itemtype=\"https:\/\/schema.org\/ImageObject\"  ><div class='avia-image-container-inner'><div class='av-image-caption-overlay'><div class='av-caption-image-overlay-bg' style='opacity:0.4; background-color:#000000; '><\/div><div class='av-image-caption-overlay-position'><div class='av-image-caption-overlay-center' style='color:#ffffff; '><p>Der Gozsdu-Hof am Abend<\/p>\n<\/div><\/div><\/div><img class='avia_image ' src='https:\/\/blog.a-rosa.de\/wp-content\/uploads\/2019\/10\/2019-11-02-003420.840-768x1024.jpg' alt='Ein belebter Innenhof in Budapest ist abends stimmungsvoll mit Lichterketten geschm\u00fcckt, w\u00e4hrend Menschen zwischen Bars und Restaurants flanieren.' title='2019-11-02 003420.840'   itemprop=\"thumbnailUrl\"  \/><\/div><\/div><\/div>\n<div  class='hr hr-default  '><span class='hr-inner ' ><span class='hr-inner-style'><\/span><\/span><\/div>\n<div style='padding-bottom:10px;' class='av-special-heading av-special-heading-h2     '><h2 class='av-special-heading-tag '  itemprop=\"headline\"  >Sehensw\u00fcrdigkeiten, die man gesehen haben muss!<\/h2><div class='special-heading-border'><div class='special-heading-inner-border' ><\/div><\/div><\/div>\n<div class=\"flex_column av_one_third  flex_column_div av-zero-column-padding first  \" style='border-radius:0px; '><div class='avia-image-container  av-styling-  noHover  av-overlay-on-hover   avia-align-center '  itemscope=\"itemscope\" itemtype=\"https:\/\/schema.org\/ImageObject\"  ><div class='avia-image-container-inner'><div class='av-image-caption-overlay'><div class='av-caption-image-overlay-bg' style='opacity:0.4; background-color:#000000; '><\/div><div class='av-image-caption-overlay-position'><div class='av-image-caption-overlay-center' style='color:#ffffff; '><p>Die Szab\u00f3 Ervin-Bibliothek<\/p>\n<\/div><\/div><\/div><img class='avia_image ' src='https:\/\/blog.a-rosa.de\/wp-content\/uploads\/2019\/10\/IMG_8159b-e1573722385843-768x1024.jpg' alt='Die St.-Stephans-Basilika in Budapest ragt imposant in den grauen Himmel, davor f\u00e4hrt ein Sightseeing-Bus mit Star-Wars-Motiv die Stra\u00dfe entlang.' title='IMG_8159b'   itemprop=\"thumbnailUrl\"  \/><\/div><\/div><\/div>\n<div class=\"flex_column av_two_third  flex_column_div av-zero-column-padding   \" style='border-radius:0px; '><section class=\"av_textblock_section \"  itemscope=\"itemscope\" itemtype=\"https:\/\/schema.org\/BlogPosting\" itemprop=\"blogPost\" ><div class='avia_textblock  '   itemprop=\"text\" ><h3>Die St.-Stephans-Basilika<\/h3>\n<p>Die St.-Stephans-Basilika ist eine der sch\u00f6nsten und bedeutendsten touristischen Sehensw\u00fcrdigkeiten in Ungarn. Von der Kuppel aus hat man einen 360 Grad Blick \u00fcber Budapest. Die Basilika ist Mitten in der Innenstadt, leicht erreichbar. Es lohnt sich in der Gegend einen Spaziergang zu machen.<\/p>\n<\/div><\/section><\/div>\n<div class=\"flex_column av_two_third  flex_column_div av-zero-column-padding first  \" style='border-radius:0px; '><section class=\"av_textblock_section \"  itemscope=\"itemscope\" itemtype=\"https:\/\/schema.org\/BlogPosting\" itemprop=\"blogPost\" ><div class='avia_textblock  '   itemprop=\"text\" ><h3>Die Szab\u00f3 Ervin-Bibliothek<\/h3>\n<p>Die <a href=\"http:\/\/www.fszek.hu\/english\" target=\"_blank\" rel=\"noopener noreferrer\">Bibliothek<\/a> ist eine sehr wichtiger Standort f\u00fcr Studenten. Lesen, lernen oder\u00a0 sich mit Studienkollegen treffen. Einen 5-min\u00fctigen Spaziergang von der bekannteren Gro\u00dfen Markthalle entfernt, w\u00fcrde ich Bibliotheksliebhabern empfehlen, eine\u00a0 Stunde lang durch die wundersch\u00f6nen R\u00e4ume zu schlendern. Und wenn Sie Zeit haben, ist dies ein magischer Ort zum Entspannen und Lesen. Die \u00f6ffentliche Bibliothek ist im ehemaligen Wenckheim-Palast untergebracht. Die Leses\u00e4le sind im Rokoko Stil gehalten, die W\u00e4nde und Decken sind reich mit Gold und Holzschnitzereien verzehrt. \u00a0Jedes Zimmer ist anders und wundersch\u00f6n. Die Bibliothek ist eine \u00f6ffentliche Einrichtung und kann ohne Aufpreis besichtigt werden.<\/p>\n<\/div><\/section><\/div>\n<div class=\"flex_column av_one_third  flex_column_div av-zero-column-padding   \" style='border-radius:0px; '><div class='avia-image-container  av-styling-  noHover  av-overlay-on-hover   avia-align-center '  itemscope=\"itemscope\" itemtype=\"https:\/\/schema.org\/ImageObject\"  ><div class='avia-image-container-inner'><div class='av-image-caption-overlay'><div class='av-caption-image-overlay-bg' style='opacity:0.4; background-color:#000000; '><\/div><div class='av-image-caption-overlay-position'><div class='av-image-caption-overlay-center' style='color:#ffffff; '><p>Wendeltreppe in der Szab\u00f3 Ervin-Bibliothek<\/p>\n<\/div><\/div><\/div><img class='avia_image ' src='https:\/\/blog.a-rosa.de\/wp-content\/uploads\/2019\/10\/15183864_1844777159125421_1050366274_o-764x1024.jpg' alt='Elegante Wendeltreppe aus Stein mit Holzgel\u00e4nder und dekorativem Design, Blick von oben.' title='15183864_1844777159125421_1050366274_o'   itemprop=\"thumbnailUrl\"  \/><\/div><\/div><\/div>\n<div class=\"flex_column av_one_full  flex_column_div av-zero-column-padding first  \" style='border-radius:0px; '><section class=\"av_textblock_section \"  itemscope=\"itemscope\" itemtype=\"https:\/\/schema.org\/BlogPosting\" itemprop=\"blogPost\" ><div class='avia_textblock  '   itemprop=\"text\" ><p>Um Budapest zu erkunden eignet sich am Besten die Donau Klassiker Reise. Das Schiff \u00fcbernachtet mitten in der Innenstadt und ihr k\u00f6nnt alle Tipps der Reihe nach ausprobieren.<\/p>\n<p>In Budapest gibt es so viel zu Erkunden. Da reichen leider ein Paar Tage nicht. Deshalb lohnt es sich der Stadt hin und wieder Mal einen Besuch zu erstatten. Ich hoffe ich konnte euch zu eurer n\u00e4chsten Reise inspirieren!<\/p>\n<\/div><\/section><\/div>\n","protected":false},"excerpt":{"rendered":"Sziasztok oder auch Hallo! Ich bin Laura und mache ein Praktikum bei A-ROSA in Rostock. Das Praktikum f\u00fcr das Studium erm\u00f6glicht mir einen Einblick in die verschiedenen Abteilungen der Firma. Studiert habe ich in Budapest, an der Corvinus Universit\u00e4t, denn ein Teil meiner Familie ist auch aus Ungarn. Als budapester Student hat man die M\u00f6glichkeit [...]","protected":false},"author":11,"featured_media":8826,"comment_status":"open","ping_status":"open","sticky":false,"template":"","format":"standard","meta":{"footnotes":""},"categories":[1],"tags":[],"yoast_head":"<!-- This site is optimized with the Yoast SEO plugin v24.5 - https:\/\/yoast.com\/wordpress\/plugins\/seo\/ -->\n<title>Mein Budapest- Die ungarische Hauptstadt im Herzen Europas. - A-ROSA Blog<\/title>\n<meta name=\"robots\" content=\"index, follow, max-snippet:-1, max-image-preview:large, max-video-preview:-1\" \/>\n<link rel=\"canonical\" href=\"https:\/\/blog.a-rosa.de\/kreuzfahrt-blog\/a-rosa-persoenlich\/mein-budapest-die-ungarische-hauptstadt-im-herzen-europas\/\" \/>\n<meta property=\"og:locale\" content=\"de_DE\" \/>\n<meta property=\"og:type\" content=\"article\" \/>\n<meta property=\"og:title\" content=\"Mein Budapest- Die ungarische Hauptstadt im Herzen Europas. - A-ROSA Blog\" \/>\n<meta property=\"og:url\" content=\"https:\/\/blog.a-rosa.de\/kreuzfahrt-blog\/a-rosa-persoenlich\/mein-budapest-die-ungarische-hauptstadt-im-herzen-europas\/\" \/>\n<meta property=\"og:site_name\" content=\"A-ROSA Blog\" \/>\n<meta property=\"article:publisher\" content=\"https:\/\/www.facebook.com\/AROSAKreuzfahrten\/\" \/>\n<meta property=\"article:published_time\" content=\"2019-10-25T15:07:08+00:00\" \/>\n<meta property=\"article:modified_time\" content=\"2022-06-23T10:40:57+00:00\" \/>\n<meta property=\"og:image\" content=\"https:\/\/blog.a-rosa.de\/wp-content\/uploads\/2019\/10\/laura_budapest_blog.jpg\" \/>\n\t<meta property=\"og:image:width\" content=\"1024\" \/>\n\t<meta property=\"og:image:height\" content=\"386\" \/>\n\t<meta property=\"og:image:type\" content=\"image\/jpeg\" \/>\n<meta name=\"author\" content=\"Online Redaktion\" \/>\n<meta name=\"twitter:card\" content=\"summary_large_image\" \/>\n<meta name=\"twitter:creator\" content=\"@arosacruises\" \/>\n<meta name=\"twitter:site\" content=\"@arosacruises\" \/>\n<meta name=\"twitter:label1\" content=\"Verfasst von\" \/>\n\t<meta name=\"twitter:data1\" content=\"Online Redaktion\" \/>\n\t<meta name=\"twitter:label2\" content=\"Gesch\u00e4tzte Lesezeit\" \/>\n\t<meta name=\"twitter:data2\" content=\"15\u00a0Minuten\" \/>\n<script type=\"application\/ld+json\" class=\"yoast-schema-graph\">{\"@context\":\"https:\/\/schema.org\",\"@graph\":[{\"@type\":\"Article\",\"@id\":\"https:\/\/blog.a-rosa.de\/kreuzfahrt-blog\/a-rosa-persoenlich\/mein-budapest-die-ungarische-hauptstadt-im-herzen-europas\/#article\",\"isPartOf\":{\"@id\":\"https:\/\/blog.a-rosa.de\/kreuzfahrt-blog\/a-rosa-persoenlich\/mein-budapest-die-ungarische-hauptstadt-im-herzen-europas\/\"},\"author\":{\"name\":\"Online Redaktion\",\"@id\":\"https:\/\/blog.a-rosa.de\/kreuzfahrt-blog\/#\/schema\/person\/22053d649bb62987a3140c777ce50487\"},\"headline\":\"Mein Budapest- Die ungarische Hauptstadt im Herzen Europas.\",\"datePublished\":\"2019-10-25T15:07:08+00:00\",\"dateModified\":\"2022-06-23T10:40:57+00:00\",\"mainEntityOfPage\":{\"@id\":\"https:\/\/blog.a-rosa.de\/kreuzfahrt-blog\/a-rosa-persoenlich\/mein-budapest-die-ungarische-hauptstadt-im-herzen-europas\/\"},\"wordCount\":3054,\"commentCount\":0,\"publisher\":{\"@id\":\"https:\/\/blog.a-rosa.de\/kreuzfahrt-blog\/#organization\"},\"image\":{\"@id\":\"https:\/\/blog.a-rosa.de\/kreuzfahrt-blog\/a-rosa-persoenlich\/mein-budapest-die-ungarische-hauptstadt-im-herzen-europas\/#primaryimage\"},\"thumbnailUrl\":\"https:\/\/blog.a-rosa.de\/wp-content\/uploads\/2019\/10\/laura_budapest_blog.jpg\",\"articleSection\":[\"A-ROSA pers\u00f6nlich\"],\"inLanguage\":\"de\",\"potentialAction\":[{\"@type\":\"CommentAction\",\"name\":\"Comment\",\"target\":[\"https:\/\/blog.a-rosa.de\/kreuzfahrt-blog\/a-rosa-persoenlich\/mein-budapest-die-ungarische-hauptstadt-im-herzen-europas\/#respond\"]}]},{\"@type\":\"WebPage\",\"@id\":\"https:\/\/blog.a-rosa.de\/kreuzfahrt-blog\/a-rosa-persoenlich\/mein-budapest-die-ungarische-hauptstadt-im-herzen-europas\/\",\"url\":\"https:\/\/blog.a-rosa.de\/kreuzfahrt-blog\/a-rosa-persoenlich\/mein-budapest-die-ungarische-hauptstadt-im-herzen-europas\/\",\"name\":\"Mein Budapest- Die ungarische Hauptstadt im Herzen Europas. - A-ROSA Blog\",\"isPartOf\":{\"@id\":\"https:\/\/blog.a-rosa.de\/kreuzfahrt-blog\/#website\"},\"primaryImageOfPage\":{\"@id\":\"https:\/\/blog.a-rosa.de\/kreuzfahrt-blog\/a-rosa-persoenlich\/mein-budapest-die-ungarische-hauptstadt-im-herzen-europas\/#primaryimage\"},\"image\":{\"@id\":\"https:\/\/blog.a-rosa.de\/kreuzfahrt-blog\/a-rosa-persoenlich\/mein-budapest-die-ungarische-hauptstadt-im-herzen-europas\/#primaryimage\"},\"thumbnailUrl\":\"https:\/\/blog.a-rosa.de\/wp-content\/uploads\/2019\/10\/laura_budapest_blog.jpg\",\"datePublished\":\"2019-10-25T15:07:08+00:00\",\"dateModified\":\"2022-06-23T10:40:57+00:00\",\"breadcrumb\":{\"@id\":\"https:\/\/blog.a-rosa.de\/kreuzfahrt-blog\/a-rosa-persoenlich\/mein-budapest-die-ungarische-hauptstadt-im-herzen-europas\/#breadcrumb\"},\"inLanguage\":\"de\",\"potentialAction\":[{\"@type\":\"ReadAction\",\"target\":[\"https:\/\/blog.a-rosa.de\/kreuzfahrt-blog\/a-rosa-persoenlich\/mein-budapest-die-ungarische-hauptstadt-im-herzen-europas\/\"]}]},{\"@type\":\"ImageObject\",\"inLanguage\":\"de\",\"@id\":\"https:\/\/blog.a-rosa.de\/kreuzfahrt-blog\/a-rosa-persoenlich\/mein-budapest-die-ungarische-hauptstadt-im-herzen-europas\/#primaryimage\",\"url\":\"https:\/\/blog.a-rosa.de\/wp-content\/uploads\/2019\/10\/laura_budapest_blog.jpg\",\"contentUrl\":\"https:\/\/blog.a-rosa.de\/wp-content\/uploads\/2019\/10\/laura_budapest_blog.jpg\",\"width\":1024,\"height\":386,\"caption\":\"Eine Frau steht abends auf einer Promenade in Budapest, im Hintergrund leuchtet die gr\u00fcn beleuchtete Freiheitsbr\u00fccke \u00fcber die Donau.\"},{\"@type\":\"BreadcrumbList\",\"@id\":\"https:\/\/blog.a-rosa.de\/kreuzfahrt-blog\/a-rosa-persoenlich\/mein-budapest-die-ungarische-hauptstadt-im-herzen-europas\/#breadcrumb\",\"itemListElement\":[{\"@type\":\"ListItem\",\"position\":1,\"name\":\"Startseite\",\"item\":\"https:\/\/blog.a-rosa.de\/kreuzfahrt-blog\/home\/\"},{\"@type\":\"ListItem\",\"position\":2,\"name\":\"Mein Budapest- Die ungarische Hauptstadt im Herzen Europas.\"}]},{\"@type\":\"WebSite\",\"@id\":\"https:\/\/blog.a-rosa.de\/kreuzfahrt-blog\/#website\",\"url\":\"https:\/\/blog.a-rosa.de\/kreuzfahrt-blog\/\",\"name\":\"A-ROSA Blog\",\"description\":\"Flusskreuzfahrten hautnah erleben\",\"publisher\":{\"@id\":\"https:\/\/blog.a-rosa.de\/kreuzfahrt-blog\/#organization\"},\"potentialAction\":[{\"@type\":\"SearchAction\",\"target\":{\"@type\":\"EntryPoint\",\"urlTemplate\":\"https:\/\/blog.a-rosa.de\/kreuzfahrt-blog\/?s={search_term_string}\"},\"query-input\":{\"@type\":\"PropertyValueSpecification\",\"valueRequired\":true,\"valueName\":\"search_term_string\"}}],\"inLanguage\":\"de\"},{\"@type\":\"Organization\",\"@id\":\"https:\/\/blog.a-rosa.de\/kreuzfahrt-blog\/#organization\",\"name\":\"A-ROSA Flusschiff GmbH\",\"url\":\"https:\/\/blog.a-rosa.de\/kreuzfahrt-blog\/\",\"logo\":{\"@type\":\"ImageObject\",\"inLanguage\":\"de\",\"@id\":\"https:\/\/blog.a-rosa.de\/kreuzfahrt-blog\/#\/schema\/logo\/image\/\",\"url\":\"https:\/\/blog.a-rosa.de\/wp-content\/uploads\/2017\/06\/logo.png\",\"contentUrl\":\"https:\/\/blog.a-rosa.de\/wp-content\/uploads\/2017\/06\/logo.png\",\"width\":600,\"height\":200,\"caption\":\"A-ROSA Flusschiff GmbH\"},\"image\":{\"@id\":\"https:\/\/blog.a-rosa.de\/kreuzfahrt-blog\/#\/schema\/logo\/image\/\"},\"sameAs\":[\"https:\/\/www.facebook.com\/AROSAKreuzfahrten\/\",\"https:\/\/x.com\/arosacruises\",\"https:\/\/instagram.com\/arosacruises\",\"https:\/\/www.pinterest.de\/arosakreuzfahrten\/\",\"https:\/\/www.youtube.com\/user\/ArosaCrew\"]},{\"@type\":\"Person\",\"@id\":\"https:\/\/blog.a-rosa.de\/kreuzfahrt-blog\/#\/schema\/person\/22053d649bb62987a3140c777ce50487\",\"name\":\"Online Redaktion\",\"url\":\"https:\/\/blog.a-rosa.de\/kreuzfahrt-blog\/author\/cgelhart\/\"}]}<\/script>\n<!-- \/ Yoast SEO plugin. -->","yoast_head_json":{"title":"Mein Budapest- Die ungarische Hauptstadt im Herzen Europas. - A-ROSA Blog","robots":{"index":"index","follow":"follow","max-snippet":"max-snippet:-1","max-image-preview":"max-image-preview:large","max-video-preview":"max-video-preview:-1"},"canonical":"https:\/\/blog.a-rosa.de\/kreuzfahrt-blog\/a-rosa-persoenlich\/mein-budapest-die-ungarische-hauptstadt-im-herzen-europas\/","og_locale":"de_DE","og_type":"article","og_title":"Mein Budapest- Die ungarische Hauptstadt im Herzen Europas. - A-ROSA Blog","og_url":"https:\/\/blog.a-rosa.de\/kreuzfahrt-blog\/a-rosa-persoenlich\/mein-budapest-die-ungarische-hauptstadt-im-herzen-europas\/","og_site_name":"A-ROSA Blog","article_publisher":"https:\/\/www.facebook.com\/AROSAKreuzfahrten\/","article_published_time":"2019-10-25T15:07:08+00:00","article_modified_time":"2022-06-23T10:40:57+00:00","og_image":[{"width":1024,"height":386,"url":"https:\/\/blog.a-rosa.de\/wp-content\/uploads\/2019\/10\/laura_budapest_blog.jpg","type":"image\/jpeg"}],"author":"Online Redaktion","twitter_card":"summary_large_image","twitter_creator":"@arosacruises","twitter_site":"@arosacruises","twitter_misc":{"Verfasst von":"Online Redaktion","Gesch\u00e4tzte Lesezeit":"15\u00a0Minuten"},"schema":{"@context":"https:\/\/schema.org","@graph":[{"@type":"Article","@id":"https:\/\/blog.a-rosa.de\/kreuzfahrt-blog\/a-rosa-persoenlich\/mein-budapest-die-ungarische-hauptstadt-im-herzen-europas\/#article","isPartOf":{"@id":"https:\/\/blog.a-rosa.de\/kreuzfahrt-blog\/a-rosa-persoenlich\/mein-budapest-die-ungarische-hauptstadt-im-herzen-europas\/"},"author":{"name":"Online Redaktion","@id":"https:\/\/blog.a-rosa.de\/kreuzfahrt-blog\/#\/schema\/person\/22053d649bb62987a3140c777ce50487"},"headline":"Mein Budapest- Die ungarische Hauptstadt im Herzen Europas.","datePublished":"2019-10-25T15:07:08+00:00","dateModified":"2022-06-23T10:40:57+00:00","mainEntityOfPage":{"@id":"https:\/\/blog.a-rosa.de\/kreuzfahrt-blog\/a-rosa-persoenlich\/mein-budapest-die-ungarische-hauptstadt-im-herzen-europas\/"},"wordCount":3054,"commentCount":0,"publisher":{"@id":"https:\/\/blog.a-rosa.de\/kreuzfahrt-blog\/#organization"},"image":{"@id":"https:\/\/blog.a-rosa.de\/kreuzfahrt-blog\/a-rosa-persoenlich\/mein-budapest-die-ungarische-hauptstadt-im-herzen-europas\/#primaryimage"},"thumbnailUrl":"https:\/\/blog.a-rosa.de\/wp-content\/uploads\/2019\/10\/laura_budapest_blog.jpg","articleSection":["A-ROSA pers\u00f6nlich"],"inLanguage":"de","potentialAction":[{"@type":"CommentAction","name":"Comment","target":["https:\/\/blog.a-rosa.de\/kreuzfahrt-blog\/a-rosa-persoenlich\/mein-budapest-die-ungarische-hauptstadt-im-herzen-europas\/#respond"]}]},{"@type":"WebPage","@id":"https:\/\/blog.a-rosa.de\/kreuzfahrt-blog\/a-rosa-persoenlich\/mein-budapest-die-ungarische-hauptstadt-im-herzen-europas\/","url":"https:\/\/blog.a-rosa.de\/kreuzfahrt-blog\/a-rosa-persoenlich\/mein-budapest-die-ungarische-hauptstadt-im-herzen-europas\/","name":"Mein Budapest- Die ungarische Hauptstadt im Herzen Europas. - A-ROSA Blog","isPartOf":{"@id":"https:\/\/blog.a-rosa.de\/kreuzfahrt-blog\/#website"},"primaryImageOfPage":{"@id":"https:\/\/blog.a-rosa.de\/kreuzfahrt-blog\/a-rosa-persoenlich\/mein-budapest-die-ungarische-hauptstadt-im-herzen-europas\/#primaryimage"},"image":{"@id":"https:\/\/blog.a-rosa.de\/kreuzfahrt-blog\/a-rosa-persoenlich\/mein-budapest-die-ungarische-hauptstadt-im-herzen-europas\/#primaryimage"},"thumbnailUrl":"https:\/\/blog.a-rosa.de\/wp-content\/uploads\/2019\/10\/laura_budapest_blog.jpg","datePublished":"2019-10-25T15:07:08+00:00","dateModified":"2022-06-23T10:40:57+00:00","breadcrumb":{"@id":"https:\/\/blog.a-rosa.de\/kreuzfahrt-blog\/a-rosa-persoenlich\/mein-budapest-die-ungarische-hauptstadt-im-herzen-europas\/#breadcrumb"},"inLanguage":"de","potentialAction":[{"@type":"ReadAction","target":["https:\/\/blog.a-rosa.de\/kreuzfahrt-blog\/a-rosa-persoenlich\/mein-budapest-die-ungarische-hauptstadt-im-herzen-europas\/"]}]},{"@type":"ImageObject","inLanguage":"de","@id":"https:\/\/blog.a-rosa.de\/kreuzfahrt-blog\/a-rosa-persoenlich\/mein-budapest-die-ungarische-hauptstadt-im-herzen-europas\/#primaryimage","url":"https:\/\/blog.a-rosa.de\/wp-content\/uploads\/2019\/10\/laura_budapest_blog.jpg","contentUrl":"https:\/\/blog.a-rosa.de\/wp-content\/uploads\/2019\/10\/laura_budapest_blog.jpg","width":1024,"height":386,"caption":"Eine Frau steht abends auf einer Promenade in Budapest, im Hintergrund leuchtet die gr\u00fcn beleuchtete Freiheitsbr\u00fccke \u00fcber die Donau."},{"@type":"BreadcrumbList","@id":"https:\/\/blog.a-rosa.de\/kreuzfahrt-blog\/a-rosa-persoenlich\/mein-budapest-die-ungarische-hauptstadt-im-herzen-europas\/#breadcrumb","itemListElement":[{"@type":"ListItem","position":1,"name":"Startseite","item":"https:\/\/blog.a-rosa.de\/kreuzfahrt-blog\/home\/"},{"@type":"ListItem","position":2,"name":"Mein Budapest- Die ungarische Hauptstadt im Herzen Europas."}]},{"@type":"WebSite","@id":"https:\/\/blog.a-rosa.de\/kreuzfahrt-blog\/#website","url":"https:\/\/blog.a-rosa.de\/kreuzfahrt-blog\/","name":"A-ROSA Blog","description":"Flusskreuzfahrten hautnah erleben","publisher":{"@id":"https:\/\/blog.a-rosa.de\/kreuzfahrt-blog\/#organization"},"potentialAction":[{"@type":"SearchAction","target":{"@type":"EntryPoint","urlTemplate":"https:\/\/blog.a-rosa.de\/kreuzfahrt-blog\/?s={search_term_string}"},"query-input":{"@type":"PropertyValueSpecification","valueRequired":true,"valueName":"search_term_string"}}],"inLanguage":"de"},{"@type":"Organization","@id":"https:\/\/blog.a-rosa.de\/kreuzfahrt-blog\/#organization","name":"A-ROSA Flusschiff GmbH","url":"https:\/\/blog.a-rosa.de\/kreuzfahrt-blog\/","logo":{"@type":"ImageObject","inLanguage":"de","@id":"https:\/\/blog.a-rosa.de\/kreuzfahrt-blog\/#\/schema\/logo\/image\/","url":"https:\/\/blog.a-rosa.de\/wp-content\/uploads\/2017\/06\/logo.png","contentUrl":"https:\/\/blog.a-rosa.de\/wp-content\/uploads\/2017\/06\/logo.png","width":600,"height":200,"caption":"A-ROSA Flusschiff GmbH"},"image":{"@id":"https:\/\/blog.a-rosa.de\/kreuzfahrt-blog\/#\/schema\/logo\/image\/"},"sameAs":["https:\/\/www.facebook.com\/AROSAKreuzfahrten\/","https:\/\/x.com\/arosacruises","https:\/\/instagram.com\/arosacruises","https:\/\/www.pinterest.de\/arosakreuzfahrten\/","https:\/\/www.youtube.com\/user\/ArosaCrew"]},{"@type":"Person","@id":"https:\/\/blog.a-rosa.de\/kreuzfahrt-blog\/#\/schema\/person\/22053d649bb62987a3140c777ce50487","name":"Online Redaktion","url":"https:\/\/blog.a-rosa.de\/kreuzfahrt-blog\/author\/cgelhart\/"}]}},"_links":{"self":[{"href":"https:\/\/blog.a-rosa.de\/kreuzfahrt-blog\/wp-json\/wp\/v2\/posts\/8734"}],"collection":[{"href":"https:\/\/blog.a-rosa.de\/kreuzfahrt-blog\/wp-json\/wp\/v2\/posts"}],"about":[{"href":"https:\/\/blog.a-rosa.de\/kreuzfahrt-blog\/wp-json\/wp\/v2\/types\/post"}],"author":[{"embeddable":true,"href":"https:\/\/blog.a-rosa.de\/kreuzfahrt-blog\/wp-json\/wp\/v2\/users\/11"}],"replies":[{"embeddable":true,"href":"https:\/\/blog.a-rosa.de\/kreuzfahrt-blog\/wp-json\/wp\/v2\/comments?post=8734"}],"version-history":[{"count":67,"href":"https:\/\/blog.a-rosa.de\/kreuzfahrt-blog\/wp-json\/wp\/v2\/posts\/8734\/revisions"}],"predecessor-version":[{"id":15200,"href":"https:\/\/blog.a-rosa.de\/kreuzfahrt-blog\/wp-json\/wp\/v2\/posts\/8734\/revisions\/15200"}],"wp:featuredmedia":[{"embeddable":true,"href":"https:\/\/blog.a-rosa.de\/kreuzfahrt-blog\/wp-json\/wp\/v2\/media\/8826"}],"wp:attachment":[{"href":"https:\/\/blog.a-rosa.de\/kreuzfahrt-blog\/wp-json\/wp\/v2\/media?parent=8734"}],"wp:term":[{"taxonomy":"category","embeddable":true,"href":"https:\/\/blog.a-rosa.de\/kreuzfahrt-blog\/wp-json\/wp\/v2\/categories?post=8734"},{"taxonomy":"post_tag","embeddable":true,"href":"https:\/\/blog.a-rosa.de\/kreuzfahrt-blog\/wp-json\/wp\/v2\/tags?post=8734"}],"curies":[{"name":"wp","href":"https:\/\/api.w.org\/{rel}","templated":true}]}}