{"id":8566,"date":"2019-12-12T11:59:59","date_gmt":"2019-12-12T10:59:59","guid":{"rendered":"https:\/\/blog.a-rosa.de\/kreuzfahrt-blog\/?p=8566"},"modified":"2022-09-06T08:19:32","modified_gmt":"2022-09-06T06:19:32","slug":"sieben-tage-auf-dem-douro-von-schleusen-portwein-und-anderen-flussabenteuern","status":"publish","type":"post","link":"https:\/\/blog.a-rosa.de\/kreuzfahrt-blog\/a-rosa-persoenlich\/sieben-tage-auf-dem-douro-von-schleusen-portwein-und-anderen-flussabenteuern\/","title":{"rendered":"Sieben Tage auf dem Douro: Ein Gastbeitrag von Uberding"},"content":{"rendered":"<div class=\"flex_column av_one_full  flex_column_div av-zero-column-padding first  \" style='border-radius:0px; '><section class=\"av_textblock_section \"  itemscope=\"itemscope\" itemtype=\"https:\/\/schema.org\/BlogPosting\" itemprop=\"blogPost\" ><div class='avia_textblock  '   itemprop=\"text\" ><h2>Von Schleusen, Portwein und anderen Flussabenteuern<\/h2>\n<p>Mein Mann Thies und ich haben das Gl\u00fcck, hauptberuflich als Reiseblogger arbeiten zu k\u00f6nnen. Im letzten Jahr ist unser Blog uberding zehn Jahre alt geworden und inzwischen habe ich aufgeh\u00f6rt, die L\u00e4nder, die wir in dieser Zeit sehen konnten, zu z\u00e4hlen. Was uns verbindet, ist der Drang zum Abenteuer, zum Neues-Sehen, zum Entdecken!<\/p>\n<p><img loading=\"lazy\" decoding=\"async\" class=\"alignleft size-large wp-image-7835\" src=\"https:\/\/blog.a-rosa.de\/wp-content\/uploads\/2019\/05\/IMG_2556-1024x555.jpg\" alt=\"\" width=\"1024\" height=\"555\" srcset=\"https:\/\/blog.a-rosa.de\/wp-content\/uploads\/2019\/05\/IMG_2556-1024x555.jpg 1024w, https:\/\/blog.a-rosa.de\/wp-content\/uploads\/2019\/05\/IMG_2556-300x163.jpg 300w, https:\/\/blog.a-rosa.de\/wp-content\/uploads\/2019\/05\/IMG_2556-768x416.jpg 768w, https:\/\/blog.a-rosa.de\/wp-content\/uploads\/2019\/05\/IMG_2556-1500x813.jpg 1500w, https:\/\/blog.a-rosa.de\/wp-content\/uploads\/2019\/05\/IMG_2556-705x382.jpg 705w, https:\/\/blog.a-rosa.de\/wp-content\/uploads\/2019\/05\/IMG_2556-450x244.jpg 450w\" sizes=\"(max-width: 1024px) 100vw, 1024px\" \/><\/p>\n<p><!--more--><\/p>\n<\/div><\/section><\/div><div class=\"flex_column av_three_fifth  flex_column_div first  \" style='padding:0px 0px 0px 0px ; border-radius:0px; '><section class=\"av_textblock_section \"  itemscope=\"itemscope\" itemtype=\"https:\/\/schema.org\/BlogPosting\" itemprop=\"blogPost\" ><div class='avia_textblock  '   itemprop=\"text\" ><h3>Mit Kind auf dem Douro<\/h3>\n<p style=\"text-align: left;\">Und inzwischen sind wir zu dritt \u201eim Boot\u201c: Unser zweij\u00e4hriger Sohn Neon ist \u2013 so scheint es bisher \u2013 ebenfalls mit gro\u00dfer Reise-Lust zur Welt gekommen und ist im letzten Jahr mit uns gleich einmal rund um die Welt gereist. Hand in Hand mit Mama und Papa und jeder Menge Neugierde f\u00fcr diese bunte Erde! Dieses Jahr durften wir eine kleine <a href=\"https:\/\/www.a-rosa.de\/flusskreuzfahrten\/a-rosa-flotte\/a-rosa-alva.html#c12200\">Kabine<\/a> mit nur 13 qm unser gem\u00fctliches Zuhause nennen. Auf der <a href=\"https:\/\/www.a-rosa.de\/flusskreuzfahrten\/a-rosa-flotte\/a-rosa-alva.html\">A-ROSA ALVA<\/a> haben wir zusammen das Douro-Tal entdeckt.<\/p>\n<p><img loading=\"lazy\" decoding=\"async\" class=\"alignleft size-large wp-image-8519\" src=\"https:\/\/blog.a-rosa.de\/wp-content\/uploads\/2019\/10\/07_Arosa-Alva_Douro_Portugal_0554-1024x683.jpg\" alt=\"\" width=\"1024\" height=\"683\" \/><\/p>\n<\/div><\/section><\/div>\n<div class=\"flex_column av_two_fifth  flex_column_div   \" style='padding:70px 0px 0px 0px ; border-radius:0px; '><div class='avia-image-container  av-styling-    avia-align-center '  itemscope=\"itemscope\" itemtype=\"https:\/\/schema.org\/ImageObject\"  ><div class='avia-image-container-inner'><img class='avia_image ' src='https:\/\/blog.a-rosa.de\/wp-content\/uploads\/2019\/10\/07_Arosa-Alva_Douro_Portugal_0439-e1570543075505-683x1024.jpg' alt='Frau in schwarzem Kleid und Junge an der Hand vor einer blau-wei\u00dfen Fliesenfassade.' title='07_Arosa-Alva_Douro_Portugal_0439'   itemprop=\"thumbnailUrl\"  \/><\/div><\/div><\/div>\n<div style='padding-bottom:10px;' class='av-special-heading av-special-heading-h3     '><h3 class='av-special-heading-tag '  itemprop=\"headline\"  >Jeden Tag wo anders sein \u2013 und doch schlafen wir im gleichen Bett!<\/h3><div class='special-heading-border'><div class='special-heading-inner-border' ><\/div><\/div><\/div>\n<section class=\"av_textblock_section \"  itemscope=\"itemscope\" itemtype=\"https:\/\/schema.org\/BlogPosting\" itemprop=\"blogPost\" ><div class='avia_textblock  '   itemprop=\"text\" ><p><span style=\"color: #000000;\">Ich wache gegen sieben Uhr auf. Unser kleiner Sohn schlummert dank der Stunde Zeitverschiebung in Portugal noch seelig vor sich hin. Es ruckelt leicht und es ist stockfinster in unserer Kabine. Es ist also wieder soweit: <a href=\"https:\/\/www.a-rosa.de\/flusskreuzfahrten\/a-rosa-flotte\/a-rosa-alva.html\">Die A-ROSA ALVA<\/a> hat in den morgendlichen Stunden Kurs auf die n\u00e4chste Anlegestelle auf dem <a href=\"https:\/\/www.a-rosa.de\/flusskreuzfahrten\/douro\/flusskreuzfahrten.html\">Douro<\/a> genommen und aktuell befindet sich das Schiff in einer der Schleusen. Ich schl\u00fcpfe in meine Klamotten und mache mich auf den Weg hoch aufs Deck. Ich bin nicht der einzige Beobachter dieses einmaligen Schauspiels, denn trotz der zahlreichen Schleusen auf unserer <a href=\"https:\/\/www.a-rosa.de\/flusskreuzfahrten\/douro\/flusskreuzfahrten.html\">Douro-Reise<\/a> k\u00f6nnen wir uns an diesem spannenden Vorgang nicht satt sehen: Von der M\u00fcndung bis zur Grenzregion bei Vega Terr\u00f3n ist der <a href=\"https:\/\/www.a-rosa.de\/flusskreuzfahrten\/douro\/flusskreuzfahrten.html\">Douro<\/a> auf 210 Flusskilometern durch f\u00fcnf Schleusen befahrbar. In zentimetergenauer Arbeit schleust uns der <a href=\"https:\/\/www.a-rosa.de\/flusskreuzfahrten\/a-rosa-flotte\/a-rosa-alva.html\">A-ROSA ALVA<\/a> Kapit\u00e4n sicher und routiniert auf die n\u00e4chste Etappe des Douros. Die Schleuse \u201eCarrapatelo\u201c beeindruckt mit einer Fallh\u00f6he von \u00fcber 30 Meter am meisten und l\u00e4sst uns G\u00e4ste einfach nur ungl\u00e4ubig staunen.<\/span><\/p>\n<\/div><\/section>\n<div  class='avia-video avia-video-16-9   '  itemprop=\"video\" itemtype=\"https:\/\/schema.org\/VideoObject\" ><div class='avia-iframe-wrap'><iframe loading=\"lazy\" title=\"Unterwegs auf dem Douro mit der A-Rosa Alva\" width=\"1500\" height=\"844\" src=\"https:\/\/www.youtube.com\/embed\/x_102YX7q68?feature=oembed\" frameborder=\"0\" allow=\"accelerometer; autoplay; encrypted-media; gyroscope; picture-in-picture\" allowfullscreen><\/iframe><\/div><\/div>\n<div  class='hr hr-default  '><span class='hr-inner ' ><span class='hr-inner-style'><\/span><\/span><\/div>\n<div class=\"flex_column av_three_fifth  flex_column_div first  \" style='padding:20px 0px 20px 0px ; border-radius:0px; '><section class=\"av_textblock_section \"  itemscope=\"itemscope\" itemtype=\"https:\/\/schema.org\/BlogPosting\" itemprop=\"blogPost\" ><div class='avia_textblock  '   itemprop=\"text\" ><h3>Ein Tag in Pinh\u00e3o<\/h3>\n<p><span style=\"color: #000000;\">Bepackt mit zwei Tassen dampfendem Kaffee, den gibt es hier n\u00e4mlich 24 Stunden in Selbstbedienung, kehre ich zur\u00fcck in unsere Kabine 318. Der n\u00e4chste Tag mit Landgang in Pinh\u00e3o steht auf dem Programm. Wir erkunden die malerische Gegend zu Fu\u00df bevor wir uns Abends in den Reisebus setzen. Umgeben von der untergehenden Sonne und den weitl\u00e4ufigen Weinbergen erreichen wir ein traditionelles Weingut im ber\u00fchmten Portwein-Anbaugebiet. Wir verkosten den s\u00fc\u00dfen Portwein, der im Douro-Tal seinen Ursprung hat. W\u00e4hrend wir \u00fcber Jahrg\u00e4nge und Geschmack fachsimpeln, nutzt Neon die Zeit, um sich zwischen den Reben zu verstecken, die Trauben bewundernd genie\u00dft er seine Auszeit in der Natur.<\/span><\/p>\n<\/div><\/section><\/div>\n<div class=\"flex_column av_two_fifth  flex_column_div   \" style='padding:70px 0px 0px 0px ; border-radius:0px; '><div class='avia-image-container  av-styling-    avia-align-center '  itemscope=\"itemscope\" itemtype=\"https:\/\/schema.org\/ImageObject\"  ><div class='avia-image-container-inner'><img class='avia_image ' src='https:\/\/blog.a-rosa.de\/wp-content\/uploads\/2019\/10\/07_Arosa-Alva_Douro_Portugal_0274-1024x716.jpg' alt='Historisches Geb\u00e4ude in der Natur mit dem Namen &quot;Barca Dalva&quot; und malerischem Bergblick im Hintergrund.' title='07_Arosa-Alva_Douro_Portugal_0274'   itemprop=\"thumbnailUrl\"  \/><\/div><\/div><\/div>\n<div class='avia-image-container  av-styling-    avia-align-center '  itemscope=\"itemscope\" itemtype=\"https:\/\/schema.org\/ImageObject\"  ><div class='avia-image-container-inner'><img class='avia_image ' src='https:\/\/blog.a-rosa.de\/wp-content\/uploads\/2019\/10\/07_Arosa-Alva_Douro_Portugal_0516-1500x630.jpg' alt='Frau in wei\u00dfem Badeanzug sitzt am Rand des Whirlpools auf einem Boot mit Blick auf die Br\u00fccke.' title='07_Arosa-Alva_Douro_Portugal_0516'   itemprop=\"thumbnailUrl\"  \/><\/div><\/div>\n<div style='text-align:left; ' class='av-rotator-container av-rotation-container-left  ' data-interval='5' data-animation='1'><h3 class='av-rotator-container-inner '>W\u00e4hrend der Fahrt zur\u00fcck nach Porto genie\u00dfen wir es auch, mal nicht von Bord zu gehen und relaxen stattdessen einfach auf dem Sonnendeck. Wir planschen im Pool, genie\u00dfen einen <span class='special_amp'>\u201e<\/span>A-ROSA Spritz<span class='special_amp'>\u201c<\/span> mit leckerem Rosen-Sirup und lauschen dem sanft glucksenden Wasser. <span class='av-rotator-text av-rotator-multiline-off '><\/span><\/h3><\/div>\n<div  class='hr hr-default  '><span class='hr-inner ' ><span class='hr-inner-style'><\/span><\/span><\/div>\n<div class=\"flex_column av_one_full  flex_column_div av-zero-column-padding first  \" style='border-radius:0px; '><section class=\"av_textblock_section \"  itemscope=\"itemscope\" itemtype=\"https:\/\/schema.org\/BlogPosting\" itemprop=\"blogPost\" ><div class='avia_textblock  '   itemprop=\"text\" ><h3>Kulinarik<\/h3>\n<p>Auch vom kulinarischen Angebot auf der <a href=\"https:\/\/www.a-rosa.de\/flusskreuzfahrten\/a-rosa-flotte\/a-rosa-alva.html\">A-ROSA ALVA<\/a> waren wir positiv \u00fcberrascht: Als echte Foodies wissen wir es zu sch\u00e4tzen, wenn lokale Leckereien wie \u201ePastel de Nata\u201c t\u00e4glich frisch zubereitet werden. Dass alles <a href=\"https:\/\/www.a-rosa.de\/flusskreuzfahrten\/schoene-zeit\/premium-alles-inklusive.html\">im Preis mitinbegriffen<\/a> ist, nimmt uns zus\u00e4tzlich Stress ab \u2013 so k\u00f6nnen wir hemmungslos schlemmen, ohne uns Gedanken zu machen.<\/p>\n<\/div><\/section><\/div>\n<div class=\"flex_column av_one_full  flex_column_div av-zero-column-padding first  \" style='border-radius:0px; '><section class=\"av_textblock_section \"  itemscope=\"itemscope\" itemtype=\"https:\/\/schema.org\/BlogPosting\" itemprop=\"blogPost\" ><div class='avia_textblock  '   itemprop=\"text\" ><h3>Die Magie von Porto<\/h3>\n<p>Da die Reise sowohl in <a href=\"https:\/\/www.a-rosa.de\/flusskreuzfahrten\/angebote\/staedtereisen\/porto-staedtereise.html\">Porto<\/a> beginnt, als auch endet, haben wir hier besonders intensiv Zeit verbracht \u2013 und wollen euch die Stadt ans Herz legen. Anders als das bekanntere Lissabon ist Porto etwas regenreicher, was der Stadt an Magie allerdings nichts abtut und das sagen wir aus eigener Erfahrung, denn wir erlebten sie sowohl im Regen als auch im Sonnenschein. Die N\u00e4he zum Wasser ist in <a href=\"https:\/\/www.a-rosa.de\/flusskreuzfahrten\/angebote\/staedtereisen\/porto-staedtereise.html\">Porto<\/a>, wie auch auf unserer A-ROSA ALVA, allgegenw\u00e4rtig.<br \/>\nVon unserer Anlegestelle in \u201ePorto Villa Nova de Gaia\u201c aus starten wir mit der Gondel zur ber\u00fchmten Bogenbr\u00fccke \u201ePonte Dom Lu\u00eds I\u201c. M\u00f6wen ziehen \u00fcber unseren K\u00f6pfen vorbei, als wir mit weichen Knien die gigantische Br\u00fccke bis ins Herz Portos \u00fcberqueren. Von oben sehen wir bunte Boote und die typischen Portweinlager. Die Br\u00fccke misst \u00fcber 380 Meter L\u00e4nge und etwa 60 Meter H\u00f6he \u2013 also perfekt f\u00fcr alle Schwindelfreie, die einen grandiosen Ausblick genie\u00dfen m\u00f6chten.<br \/>\nIn <a href=\"https:\/\/www.a-rosa.de\/flusskreuzfahrten\/angebote\/staedtereisen\/porto-staedtereise.html\">Porto<\/a> angekommen machen wir Stopp beim wundersch\u00f6nen Bahnhof S\u00e3o Bento, in dem fr\u00fcher \u00fcbrigens ein Kloster war! Immer wieder begegnen uns die blauen, wundersch\u00f6nen Bilder, die \u201eAzulejos\u201c genannt werden. Auch an der Seitenfassade der \u201eIgreja dos Carmelitas Descal\u00e7os\u201c entdecken wir die sch\u00f6nen Bilder wieder. Die Kirche im Barock-Stil ist auf jeden Fall ein Must-Do.<\/p>\n<\/div><\/section><\/div>\n<div class=\"flex_column av_one_full  flex_column_div av-zero-column-padding first  \" style='border-radius:0px; '><div style='padding-bottom:0px;' class='av-special-heading av-special-heading-h3     '><h3 class='av-special-heading-tag '  itemprop=\"headline\"  >Eine Art des Reisens mit vielen Vorteilen!<\/h3><div class='special-heading-border'><div class='special-heading-inner-border' ><\/div><\/div><\/div><br \/>\n<section class=\"av_textblock_section \"  itemscope=\"itemscope\" itemtype=\"https:\/\/schema.org\/BlogPosting\" itemprop=\"blogPost\" ><div class='avia_textblock  '   itemprop=\"text\" ><p>Das Sch\u00f6ne an unserer Reise durch Porto: Wir verbringen den ganzen Tag zu Fu\u00df in dieser quirligen Metropole und kommen in unserem gewohnten Bett an, ganz ohne die Koffer neu auspacken zu m\u00fcssen! Ein gro\u00dfer Vorteil gegen\u00fcber anderer Trips, die wir u.a. via Auto und vielen Stopps in diversen Hotels verbracht haben.<\/p>\n<\/div><\/section><\/div>\n<div  class='hr hr-default  '><span class='hr-inner ' ><span class='hr-inner-style'><\/span><\/span><\/div>\n<div class='avia-image-container  av-styling-    avia-align-center '  itemscope=\"itemscope\" itemtype=\"https:\/\/schema.org\/ImageObject\"  ><div class='avia-image-container-inner'><img class='avia_image ' src='https:\/\/blog.a-rosa.de\/wp-content\/uploads\/2019\/10\/07_Arosa-Alva_Douro_Portugal_0369-1-e1571411859224-1024x386.jpg' alt='Luxuri\u00f6ses Flusskreuzfahrtschiff - die A-ROSA ALVA - mit Sonnendeck und Pool, das sanft \u00fcber ein Gew\u00e4sser f\u00e4hrt.' title='A-ROSA ALVA'   itemprop=\"thumbnailUrl\"  \/><\/div><\/div>\n<div style='padding-bottom:10px;' class='av-special-heading av-special-heading-h3     '><h3 class='av-special-heading-tag '  itemprop=\"headline\"  >Alles k\u00f6nnen \u2013 nichts m\u00fcssen \u2013 und das jeden Tag an einem anderen Ort. Das ist genau unsere Art des Reisens! Eines ist sicher, als wir nach sieben Tagen wieder langfristig Festland unter den F\u00fc\u00dfen haben: Das wird nicht unsere letzte Flusskreuzfahrt geblieben sein! <\/h3><div class='special-heading-border'><div class='special-heading-inner-border' ><\/div><\/div><\/div>\n","protected":false},"excerpt":{"rendered":"<p>Von Schleusen, Portwein und anderen Flussabenteuern Mein Mann Thies und ich haben das Gl\u00fcck, hauptberuflich als Reiseblogger arbeiten zu k\u00f6nnen. Im letzten Jahr ist unser Blog uberding zehn Jahre alt geworden und inzwischen habe ich aufgeh\u00f6rt, die L\u00e4nder, die wir in dieser Zeit sehen konnten, zu z\u00e4hlen. Was uns verbindet, ist der Drang zum Abenteuer, [&hellip;]<\/p>\n","protected":false},"author":11,"featured_media":7835,"comment_status":"open","ping_status":"open","sticky":false,"template":"","format":"standard","meta":{"footnotes":""},"categories":[1,16,17],"tags":[],"yoast_head":"<!-- This site is optimized with the Yoast SEO plugin v24.5 - https:\/\/yoast.com\/wordpress\/plugins\/seo\/ -->\n<title>Sieben Tage auf dem Douro: Ein Gastbeitrag von Uberding - A-ROSA Blog<\/title>\n<meta name=\"description\" content=\"Eine Familienkreuzfahrt auf dem Douro: Ein Uberding Blogbeitrag von Schleusen, Portwein und anderen Flussabenteuern.\" \/>\n<meta name=\"robots\" content=\"index, follow, max-snippet:-1, max-image-preview:large, max-video-preview:-1\" \/>\n<link rel=\"canonical\" href=\"https:\/\/blog.a-rosa.de\/kreuzfahrt-blog\/a-rosa-persoenlich\/sieben-tage-auf-dem-douro-von-schleusen-portwein-und-anderen-flussabenteuern\/\" \/>\n<meta property=\"og:locale\" content=\"de_DE\" \/>\n<meta property=\"og:type\" content=\"article\" \/>\n<meta property=\"og:title\" content=\"Sieben Tage auf dem Douro: Ein Gastbeitrag von Uberding - A-ROSA Blog\" \/>\n<meta property=\"og:description\" content=\"Eine Familienkreuzfahrt auf dem Douro: Ein Uberding Blogbeitrag von Schleusen, Portwein und anderen Flussabenteuern.\" \/>\n<meta property=\"og:url\" content=\"https:\/\/blog.a-rosa.de\/kreuzfahrt-blog\/a-rosa-persoenlich\/sieben-tage-auf-dem-douro-von-schleusen-portwein-und-anderen-flussabenteuern\/\" \/>\n<meta property=\"og:site_name\" content=\"A-ROSA Blog\" \/>\n<meta property=\"article:publisher\" content=\"https:\/\/www.facebook.com\/AROSAKreuzfahrten\/\" \/>\n<meta property=\"article:published_time\" content=\"2019-12-12T10:59:59+00:00\" \/>\n<meta property=\"article:modified_time\" content=\"2022-09-06T06:19:32+00:00\" \/>\n<meta property=\"og:image\" content=\"https:\/\/blog.a-rosa.de\/wp-content\/uploads\/2019\/05\/IMG_2556.jpg\" \/>\n\t<meta property=\"og:image:width\" content=\"4227\" \/>\n\t<meta property=\"og:image:height\" content=\"2292\" \/>\n\t<meta property=\"og:image:type\" content=\"image\/jpeg\" \/>\n<meta name=\"author\" content=\"Online Redaktion\" \/>\n<meta name=\"twitter:card\" content=\"summary_large_image\" \/>\n<meta name=\"twitter:creator\" content=\"@arosacruises\" \/>\n<meta name=\"twitter:site\" content=\"@arosacruises\" \/>\n<meta name=\"twitter:label1\" content=\"Verfasst von\" \/>\n\t<meta name=\"twitter:data1\" content=\"Online Redaktion\" \/>\n\t<meta name=\"twitter:label2\" content=\"Gesch\u00e4tzte Lesezeit\" \/>\n\t<meta name=\"twitter:data2\" content=\"8\u00a0Minuten\" \/>\n<script type=\"application\/ld+json\" class=\"yoast-schema-graph\">{\"@context\":\"https:\/\/schema.org\",\"@graph\":[{\"@type\":\"Article\",\"@id\":\"https:\/\/blog.a-rosa.de\/kreuzfahrt-blog\/a-rosa-persoenlich\/sieben-tage-auf-dem-douro-von-schleusen-portwein-und-anderen-flussabenteuern\/#article\",\"isPartOf\":{\"@id\":\"https:\/\/blog.a-rosa.de\/kreuzfahrt-blog\/a-rosa-persoenlich\/sieben-tage-auf-dem-douro-von-schleusen-portwein-und-anderen-flussabenteuern\/\"},\"author\":{\"name\":\"Online Redaktion\",\"@id\":\"https:\/\/blog.a-rosa.de\/kreuzfahrt-blog\/#\/schema\/person\/22053d649bb62987a3140c777ce50487\"},\"headline\":\"Sieben Tage auf dem Douro: Ein Gastbeitrag von Uberding\",\"datePublished\":\"2019-12-12T10:59:59+00:00\",\"dateModified\":\"2022-09-06T06:19:32+00:00\",\"mainEntityOfPage\":{\"@id\":\"https:\/\/blog.a-rosa.de\/kreuzfahrt-blog\/a-rosa-persoenlich\/sieben-tage-auf-dem-douro-von-schleusen-portwein-und-anderen-flussabenteuern\/\"},\"wordCount\":2105,\"commentCount\":0,\"publisher\":{\"@id\":\"https:\/\/blog.a-rosa.de\/kreuzfahrt-blog\/#organization\"},\"image\":{\"@id\":\"https:\/\/blog.a-rosa.de\/kreuzfahrt-blog\/a-rosa-persoenlich\/sieben-tage-auf-dem-douro-von-schleusen-portwein-und-anderen-flussabenteuern\/#primaryimage\"},\"thumbnailUrl\":\"https:\/\/blog.a-rosa.de\/wp-content\/uploads\/2019\/05\/IMG_2556.jpg\",\"articleSection\":[\"A-ROSA pers\u00f6nlich\",\"News\",\"Reiseberichte\"],\"inLanguage\":\"de\",\"potentialAction\":[{\"@type\":\"CommentAction\",\"name\":\"Comment\",\"target\":[\"https:\/\/blog.a-rosa.de\/kreuzfahrt-blog\/a-rosa-persoenlich\/sieben-tage-auf-dem-douro-von-schleusen-portwein-und-anderen-flussabenteuern\/#respond\"]}]},{\"@type\":\"WebPage\",\"@id\":\"https:\/\/blog.a-rosa.de\/kreuzfahrt-blog\/a-rosa-persoenlich\/sieben-tage-auf-dem-douro-von-schleusen-portwein-und-anderen-flussabenteuern\/\",\"url\":\"https:\/\/blog.a-rosa.de\/kreuzfahrt-blog\/a-rosa-persoenlich\/sieben-tage-auf-dem-douro-von-schleusen-portwein-und-anderen-flussabenteuern\/\",\"name\":\"Sieben Tage auf dem Douro: Ein Gastbeitrag von Uberding - A-ROSA Blog\",\"isPartOf\":{\"@id\":\"https:\/\/blog.a-rosa.de\/kreuzfahrt-blog\/#website\"},\"primaryImageOfPage\":{\"@id\":\"https:\/\/blog.a-rosa.de\/kreuzfahrt-blog\/a-rosa-persoenlich\/sieben-tage-auf-dem-douro-von-schleusen-portwein-und-anderen-flussabenteuern\/#primaryimage\"},\"image\":{\"@id\":\"https:\/\/blog.a-rosa.de\/kreuzfahrt-blog\/a-rosa-persoenlich\/sieben-tage-auf-dem-douro-von-schleusen-portwein-und-anderen-flussabenteuern\/#primaryimage\"},\"thumbnailUrl\":\"https:\/\/blog.a-rosa.de\/wp-content\/uploads\/2019\/05\/IMG_2556.jpg\",\"datePublished\":\"2019-12-12T10:59:59+00:00\",\"dateModified\":\"2022-09-06T06:19:32+00:00\",\"description\":\"Eine Familienkreuzfahrt auf dem Douro: Ein Uberding Blogbeitrag von Schleusen, Portwein und anderen Flussabenteuern.\",\"breadcrumb\":{\"@id\":\"https:\/\/blog.a-rosa.de\/kreuzfahrt-blog\/a-rosa-persoenlich\/sieben-tage-auf-dem-douro-von-schleusen-portwein-und-anderen-flussabenteuern\/#breadcrumb\"},\"inLanguage\":\"de\",\"potentialAction\":[{\"@type\":\"ReadAction\",\"target\":[\"https:\/\/blog.a-rosa.de\/kreuzfahrt-blog\/a-rosa-persoenlich\/sieben-tage-auf-dem-douro-von-schleusen-portwein-und-anderen-flussabenteuern\/\"]}]},{\"@type\":\"ImageObject\",\"inLanguage\":\"de\",\"@id\":\"https:\/\/blog.a-rosa.de\/kreuzfahrt-blog\/a-rosa-persoenlich\/sieben-tage-auf-dem-douro-von-schleusen-portwein-und-anderen-flussabenteuern\/#primaryimage\",\"url\":\"https:\/\/blog.a-rosa.de\/wp-content\/uploads\/2019\/05\/IMG_2556.jpg\",\"contentUrl\":\"https:\/\/blog.a-rosa.de\/wp-content\/uploads\/2019\/05\/IMG_2556.jpg\",\"width\":4227,\"height\":2292,\"caption\":\"Die A-ROSA ALVA inmitten von Porto. Stadt, Land, Fluss ist so nah.\"},{\"@type\":\"BreadcrumbList\",\"@id\":\"https:\/\/blog.a-rosa.de\/kreuzfahrt-blog\/a-rosa-persoenlich\/sieben-tage-auf-dem-douro-von-schleusen-portwein-und-anderen-flussabenteuern\/#breadcrumb\",\"itemListElement\":[{\"@type\":\"ListItem\",\"position\":1,\"name\":\"Startseite\",\"item\":\"https:\/\/blog.a-rosa.de\/kreuzfahrt-blog\/home\/\"},{\"@type\":\"ListItem\",\"position\":2,\"name\":\"Sieben Tage auf dem Douro: Ein Gastbeitrag von Uberding\"}]},{\"@type\":\"WebSite\",\"@id\":\"https:\/\/blog.a-rosa.de\/kreuzfahrt-blog\/#website\",\"url\":\"https:\/\/blog.a-rosa.de\/kreuzfahrt-blog\/\",\"name\":\"A-ROSA Blog\",\"description\":\"Flusskreuzfahrten hautnah erleben\",\"publisher\":{\"@id\":\"https:\/\/blog.a-rosa.de\/kreuzfahrt-blog\/#organization\"},\"potentialAction\":[{\"@type\":\"SearchAction\",\"target\":{\"@type\":\"EntryPoint\",\"urlTemplate\":\"https:\/\/blog.a-rosa.de\/kreuzfahrt-blog\/?s={search_term_string}\"},\"query-input\":{\"@type\":\"PropertyValueSpecification\",\"valueRequired\":true,\"valueName\":\"search_term_string\"}}],\"inLanguage\":\"de\"},{\"@type\":\"Organization\",\"@id\":\"https:\/\/blog.a-rosa.de\/kreuzfahrt-blog\/#organization\",\"name\":\"A-ROSA Flusschiff GmbH\",\"url\":\"https:\/\/blog.a-rosa.de\/kreuzfahrt-blog\/\",\"logo\":{\"@type\":\"ImageObject\",\"inLanguage\":\"de\",\"@id\":\"https:\/\/blog.a-rosa.de\/kreuzfahrt-blog\/#\/schema\/logo\/image\/\",\"url\":\"https:\/\/blog.a-rosa.de\/wp-content\/uploads\/2017\/06\/logo.png\",\"contentUrl\":\"https:\/\/blog.a-rosa.de\/wp-content\/uploads\/2017\/06\/logo.png\",\"width\":600,\"height\":200,\"caption\":\"A-ROSA Flusschiff GmbH\"},\"image\":{\"@id\":\"https:\/\/blog.a-rosa.de\/kreuzfahrt-blog\/#\/schema\/logo\/image\/\"},\"sameAs\":[\"https:\/\/www.facebook.com\/AROSAKreuzfahrten\/\",\"https:\/\/x.com\/arosacruises\",\"https:\/\/instagram.com\/arosacruises\",\"https:\/\/www.pinterest.de\/arosakreuzfahrten\/\",\"https:\/\/www.youtube.com\/user\/ArosaCrew\"]},{\"@type\":\"Person\",\"@id\":\"https:\/\/blog.a-rosa.de\/kreuzfahrt-blog\/#\/schema\/person\/22053d649bb62987a3140c777ce50487\",\"name\":\"Online Redaktion\",\"url\":\"https:\/\/blog.a-rosa.de\/kreuzfahrt-blog\/author\/cgelhart\/\"}]}<\/script>\n<!-- \/ Yoast SEO plugin. -->","yoast_head_json":{"title":"Sieben Tage auf dem Douro: Ein Gastbeitrag von Uberding - A-ROSA Blog","description":"Eine Familienkreuzfahrt auf dem Douro: Ein Uberding Blogbeitrag von Schleusen, Portwein und anderen Flussabenteuern.","robots":{"index":"index","follow":"follow","max-snippet":"max-snippet:-1","max-image-preview":"max-image-preview:large","max-video-preview":"max-video-preview:-1"},"canonical":"https:\/\/blog.a-rosa.de\/kreuzfahrt-blog\/a-rosa-persoenlich\/sieben-tage-auf-dem-douro-von-schleusen-portwein-und-anderen-flussabenteuern\/","og_locale":"de_DE","og_type":"article","og_title":"Sieben Tage auf dem Douro: Ein Gastbeitrag von Uberding - A-ROSA Blog","og_description":"Eine Familienkreuzfahrt auf dem Douro: Ein Uberding Blogbeitrag von Schleusen, Portwein und anderen Flussabenteuern.","og_url":"https:\/\/blog.a-rosa.de\/kreuzfahrt-blog\/a-rosa-persoenlich\/sieben-tage-auf-dem-douro-von-schleusen-portwein-und-anderen-flussabenteuern\/","og_site_name":"A-ROSA Blog","article_publisher":"https:\/\/www.facebook.com\/AROSAKreuzfahrten\/","article_published_time":"2019-12-12T10:59:59+00:00","article_modified_time":"2022-09-06T06:19:32+00:00","og_image":[{"width":4227,"height":2292,"url":"https:\/\/blog.a-rosa.de\/wp-content\/uploads\/2019\/05\/IMG_2556.jpg","type":"image\/jpeg"}],"author":"Online Redaktion","twitter_card":"summary_large_image","twitter_creator":"@arosacruises","twitter_site":"@arosacruises","twitter_misc":{"Verfasst von":"Online Redaktion","Gesch\u00e4tzte Lesezeit":"8\u00a0Minuten"},"schema":{"@context":"https:\/\/schema.org","@graph":[{"@type":"Article","@id":"https:\/\/blog.a-rosa.de\/kreuzfahrt-blog\/a-rosa-persoenlich\/sieben-tage-auf-dem-douro-von-schleusen-portwein-und-anderen-flussabenteuern\/#article","isPartOf":{"@id":"https:\/\/blog.a-rosa.de\/kreuzfahrt-blog\/a-rosa-persoenlich\/sieben-tage-auf-dem-douro-von-schleusen-portwein-und-anderen-flussabenteuern\/"},"author":{"name":"Online Redaktion","@id":"https:\/\/blog.a-rosa.de\/kreuzfahrt-blog\/#\/schema\/person\/22053d649bb62987a3140c777ce50487"},"headline":"Sieben Tage auf dem Douro: Ein Gastbeitrag von Uberding","datePublished":"2019-12-12T10:59:59+00:00","dateModified":"2022-09-06T06:19:32+00:00","mainEntityOfPage":{"@id":"https:\/\/blog.a-rosa.de\/kreuzfahrt-blog\/a-rosa-persoenlich\/sieben-tage-auf-dem-douro-von-schleusen-portwein-und-anderen-flussabenteuern\/"},"wordCount":2105,"commentCount":0,"publisher":{"@id":"https:\/\/blog.a-rosa.de\/kreuzfahrt-blog\/#organization"},"image":{"@id":"https:\/\/blog.a-rosa.de\/kreuzfahrt-blog\/a-rosa-persoenlich\/sieben-tage-auf-dem-douro-von-schleusen-portwein-und-anderen-flussabenteuern\/#primaryimage"},"thumbnailUrl":"https:\/\/blog.a-rosa.de\/wp-content\/uploads\/2019\/05\/IMG_2556.jpg","articleSection":["A-ROSA pers\u00f6nlich","News","Reiseberichte"],"inLanguage":"de","potentialAction":[{"@type":"CommentAction","name":"Comment","target":["https:\/\/blog.a-rosa.de\/kreuzfahrt-blog\/a-rosa-persoenlich\/sieben-tage-auf-dem-douro-von-schleusen-portwein-und-anderen-flussabenteuern\/#respond"]}]},{"@type":"WebPage","@id":"https:\/\/blog.a-rosa.de\/kreuzfahrt-blog\/a-rosa-persoenlich\/sieben-tage-auf-dem-douro-von-schleusen-portwein-und-anderen-flussabenteuern\/","url":"https:\/\/blog.a-rosa.de\/kreuzfahrt-blog\/a-rosa-persoenlich\/sieben-tage-auf-dem-douro-von-schleusen-portwein-und-anderen-flussabenteuern\/","name":"Sieben Tage auf dem Douro: Ein Gastbeitrag von Uberding - A-ROSA Blog","isPartOf":{"@id":"https:\/\/blog.a-rosa.de\/kreuzfahrt-blog\/#website"},"primaryImageOfPage":{"@id":"https:\/\/blog.a-rosa.de\/kreuzfahrt-blog\/a-rosa-persoenlich\/sieben-tage-auf-dem-douro-von-schleusen-portwein-und-anderen-flussabenteuern\/#primaryimage"},"image":{"@id":"https:\/\/blog.a-rosa.de\/kreuzfahrt-blog\/a-rosa-persoenlich\/sieben-tage-auf-dem-douro-von-schleusen-portwein-und-anderen-flussabenteuern\/#primaryimage"},"thumbnailUrl":"https:\/\/blog.a-rosa.de\/wp-content\/uploads\/2019\/05\/IMG_2556.jpg","datePublished":"2019-12-12T10:59:59+00:00","dateModified":"2022-09-06T06:19:32+00:00","description":"Eine Familienkreuzfahrt auf dem Douro: Ein Uberding Blogbeitrag von Schleusen, Portwein und anderen Flussabenteuern.","breadcrumb":{"@id":"https:\/\/blog.a-rosa.de\/kreuzfahrt-blog\/a-rosa-persoenlich\/sieben-tage-auf-dem-douro-von-schleusen-portwein-und-anderen-flussabenteuern\/#breadcrumb"},"inLanguage":"de","potentialAction":[{"@type":"ReadAction","target":["https:\/\/blog.a-rosa.de\/kreuzfahrt-blog\/a-rosa-persoenlich\/sieben-tage-auf-dem-douro-von-schleusen-portwein-und-anderen-flussabenteuern\/"]}]},{"@type":"ImageObject","inLanguage":"de","@id":"https:\/\/blog.a-rosa.de\/kreuzfahrt-blog\/a-rosa-persoenlich\/sieben-tage-auf-dem-douro-von-schleusen-portwein-und-anderen-flussabenteuern\/#primaryimage","url":"https:\/\/blog.a-rosa.de\/wp-content\/uploads\/2019\/05\/IMG_2556.jpg","contentUrl":"https:\/\/blog.a-rosa.de\/wp-content\/uploads\/2019\/05\/IMG_2556.jpg","width":4227,"height":2292,"caption":"Die A-ROSA ALVA inmitten von Porto. Stadt, Land, Fluss ist so nah."},{"@type":"BreadcrumbList","@id":"https:\/\/blog.a-rosa.de\/kreuzfahrt-blog\/a-rosa-persoenlich\/sieben-tage-auf-dem-douro-von-schleusen-portwein-und-anderen-flussabenteuern\/#breadcrumb","itemListElement":[{"@type":"ListItem","position":1,"name":"Startseite","item":"https:\/\/blog.a-rosa.de\/kreuzfahrt-blog\/home\/"},{"@type":"ListItem","position":2,"name":"Sieben Tage auf dem Douro: Ein Gastbeitrag von Uberding"}]},{"@type":"WebSite","@id":"https:\/\/blog.a-rosa.de\/kreuzfahrt-blog\/#website","url":"https:\/\/blog.a-rosa.de\/kreuzfahrt-blog\/","name":"A-ROSA Blog","description":"Flusskreuzfahrten hautnah erleben","publisher":{"@id":"https:\/\/blog.a-rosa.de\/kreuzfahrt-blog\/#organization"},"potentialAction":[{"@type":"SearchAction","target":{"@type":"EntryPoint","urlTemplate":"https:\/\/blog.a-rosa.de\/kreuzfahrt-blog\/?s={search_term_string}"},"query-input":{"@type":"PropertyValueSpecification","valueRequired":true,"valueName":"search_term_string"}}],"inLanguage":"de"},{"@type":"Organization","@id":"https:\/\/blog.a-rosa.de\/kreuzfahrt-blog\/#organization","name":"A-ROSA Flusschiff GmbH","url":"https:\/\/blog.a-rosa.de\/kreuzfahrt-blog\/","logo":{"@type":"ImageObject","inLanguage":"de","@id":"https:\/\/blog.a-rosa.de\/kreuzfahrt-blog\/#\/schema\/logo\/image\/","url":"https:\/\/blog.a-rosa.de\/wp-content\/uploads\/2017\/06\/logo.png","contentUrl":"https:\/\/blog.a-rosa.de\/wp-content\/uploads\/2017\/06\/logo.png","width":600,"height":200,"caption":"A-ROSA Flusschiff GmbH"},"image":{"@id":"https:\/\/blog.a-rosa.de\/kreuzfahrt-blog\/#\/schema\/logo\/image\/"},"sameAs":["https:\/\/www.facebook.com\/AROSAKreuzfahrten\/","https:\/\/x.com\/arosacruises","https:\/\/instagram.com\/arosacruises","https:\/\/www.pinterest.de\/arosakreuzfahrten\/","https:\/\/www.youtube.com\/user\/ArosaCrew"]},{"@type":"Person","@id":"https:\/\/blog.a-rosa.de\/kreuzfahrt-blog\/#\/schema\/person\/22053d649bb62987a3140c777ce50487","name":"Online Redaktion","url":"https:\/\/blog.a-rosa.de\/kreuzfahrt-blog\/author\/cgelhart\/"}]}},"_links":{"self":[{"href":"https:\/\/blog.a-rosa.de\/kreuzfahrt-blog\/wp-json\/wp\/v2\/posts\/8566"}],"collection":[{"href":"https:\/\/blog.a-rosa.de\/kreuzfahrt-blog\/wp-json\/wp\/v2\/posts"}],"about":[{"href":"https:\/\/blog.a-rosa.de\/kreuzfahrt-blog\/wp-json\/wp\/v2\/types\/post"}],"author":[{"embeddable":true,"href":"https:\/\/blog.a-rosa.de\/kreuzfahrt-blog\/wp-json\/wp\/v2\/users\/11"}],"replies":[{"embeddable":true,"href":"https:\/\/blog.a-rosa.de\/kreuzfahrt-blog\/wp-json\/wp\/v2\/comments?post=8566"}],"version-history":[{"count":95,"href":"https:\/\/blog.a-rosa.de\/kreuzfahrt-blog\/wp-json\/wp\/v2\/posts\/8566\/revisions"}],"predecessor-version":[{"id":15203,"href":"https:\/\/blog.a-rosa.de\/kreuzfahrt-blog\/wp-json\/wp\/v2\/posts\/8566\/revisions\/15203"}],"wp:featuredmedia":[{"embeddable":true,"href":"https:\/\/blog.a-rosa.de\/kreuzfahrt-blog\/wp-json\/wp\/v2\/media\/7835"}],"wp:attachment":[{"href":"https:\/\/blog.a-rosa.de\/kreuzfahrt-blog\/wp-json\/wp\/v2\/media?parent=8566"}],"wp:term":[{"taxonomy":"category","embeddable":true,"href":"https:\/\/blog.a-rosa.de\/kreuzfahrt-blog\/wp-json\/wp\/v2\/categories?post=8566"},{"taxonomy":"post_tag","embeddable":true,"href":"https:\/\/blog.a-rosa.de\/kreuzfahrt-blog\/wp-json\/wp\/v2\/tags?post=8566"}],"curies":[{"name":"wp","href":"https:\/\/api.w.org\/{rel}","templated":true}]}}