{"id":8142,"date":"2019-08-15T18:58:03","date_gmt":"2019-08-15T16:58:03","guid":{"rendered":"https:\/\/blog.a-rosa.de\/kreuzfahrt-blog\/?p=8142"},"modified":"2025-07-17T17:13:05","modified_gmt":"2025-07-17T15:13:05","slug":"mit-a-rosa-bella-auf-familienreise-donau-klassiker","status":"publish","type":"post","link":"https:\/\/blog.a-rosa.de\/kreuzfahrt-blog\/river-cruise-blogger\/mit-a-rosa-bella-auf-familienreise-donau-klassiker\/","title":{"rendered":"Mit A-ROSA BELLA auf FAMILIENREISE &#8211; Donau Klassiker"},"content":{"rendered":"<p>Unsere River Cruise Bloggerin Anna-Maria berichtet \u00fcber Ihre Erfahrungen auf einer Familienreise mit der A-ROSA BELLA auf der Donau. Seid gespannt, was sie euch zu berichten hat&#8230;<\/p>\n<p><!--more--><\/p>\n<p>Als ich klein war, sind wir in den Sommerferien immer an die Ostsee gefahren. Da war die Anreise nicht so weit und die steife Meeresbrise hat f\u00fcr ein wenig Abk\u00fchlung gesorgt. In den Herbstferien ging es meistens nach Spanien, Griechenland oder in die T\u00fcrkei. Am Pool noch mal ein bisschen Sonne tanken und fremde L\u00e4nder kennenlernen &#8211; so war der Plan. In den Winterferien wurde es dann meistens ein kurzer St\u00e4dtetrip, damit ich auch mal ein bisschen Kultur erlebe und weil man in Gro\u00dfst\u00e4dten super shoppen kann. Damals mussten wir mehrmals im Jahr verreisen, um Entspannung, Kultur, Sightseeing, leckeres Essen und tolle Natur zu entdecken. Heute soll all das in nur einer Woche mit einem einzigen Urlaub m\u00f6glich sein!<\/p>\n<div id=\"attachment_8174\" style=\"width: 1034px\" class=\"wp-caption alignnone\"><img loading=\"lazy\" decoding=\"async\" aria-describedby=\"caption-attachment-8174\" class=\"wp-image-8174 size-large\" title=\"Die A-ROSA Schiffe auf der Donau am Anleger.\" src=\"https:\/\/blog.a-rosa.de\/wp-content\/uploads\/2019\/08\/IMG_6837-1024x663.jpg\" alt=\"Die A-ROSA Schiffe auf der Donau am Anleger.\" width=\"1024\" height=\"663\" srcset=\"https:\/\/blog.a-rosa.de\/wp-content\/uploads\/2019\/08\/IMG_6837-1024x663.jpg 1024w, https:\/\/blog.a-rosa.de\/wp-content\/uploads\/2019\/08\/IMG_6837-300x194.jpg 300w, https:\/\/blog.a-rosa.de\/wp-content\/uploads\/2019\/08\/IMG_6837-768x497.jpg 768w, https:\/\/blog.a-rosa.de\/wp-content\/uploads\/2019\/08\/IMG_6837-1500x971.jpg 1500w, https:\/\/blog.a-rosa.de\/wp-content\/uploads\/2019\/08\/IMG_6837-705x456.jpg 705w, https:\/\/blog.a-rosa.de\/wp-content\/uploads\/2019\/08\/IMG_6837-450x291.jpg 450w\" sizes=\"(max-width: 1024px) 100vw, 1024px\" \/><p id=\"caption-attachment-8174\" class=\"wp-caption-text\">Die A-ROSA Schiffe auf der Donau am Anleger.<\/p><\/div>\n<p>Die <a href=\"https:\/\/www.a-rosa.de\/familienreisen\" target=\"_blank\" rel=\"noopener noreferrer\">A-ROSA Familienreisen<\/a> versprechen den perfekten Mix aus St\u00e4dte- und Naturreise, wobei die Kids ein riesiges Ferienabenteuer erleben und die Eltern auch mal ganz in Ruhe die Seele baumeln lassen k\u00f6nnen. Klingt zu sch\u00f6n, um wahr zu sein? Ich bin selbst sehr gespannt, was uns an Bord unserer <a href=\"https:\/\/www.a-rosa.de\/flusskreuzfahrten\/a-rosa-flotte\/a-rosa-bella.html\" target=\"_blank\" rel=\"noopener noreferrer\">A-ROSA BELLA<\/a> auf dieser <a href=\"https:\/\/www.a-rosa.de\/flusskreuzfahrten\/donau\/flusskreuzfahrten\/donau-klassiker-2023-select-premium2023.html\" target=\"_blank\" rel=\"noopener noreferrer\">7 N\u00e4chte Donau Klassiker Kreuzfahrt<\/a> erwarten wird. Um es gleich vorwegzunehmen: Nein, ich habe keine eigenen Kinder. Daf\u00fcr aber 35 &#8222;Leih-Kinder&#8220; auf dieser Reise, welche ich auf Schritt und Tritt begleite, um hier f\u00fcr euch zu berichten. Und nat\u00fcrlich geh\u00f6ren zu den Kids auch Eltern und Gro\u00dfeltern, welche mir ihre pers\u00f6nlichen Urlaubseindr\u00fccke geschildert haben. Und sowieso f\u00fchlt es sich an Bord auf dieser Reise so an, als w\u00e4ren wir alle eine riesig gro\u00dfe Familie. Warum? Das erz\u00e4hle ich euch gleich. Zun\u00e4chst einmal schauen wir uns jedoch an, was genau sich \u00fcberhaupt hinter den speziellen A-ROSA Familienreisen verbirgt!<\/p>\n<h2><span style=\"font-weight: bold;\">Das sind die A-ROSA FAMILIENREISEN!<\/span><\/h2>\n<p>In den Ferienzeiten gibt es <strong>pro Fahrtgebiet immer ein Familienschiff<\/strong> bei A-ROSA. Dieses Familienschiff zeichnet sich insbesondere dadurch aus, dass es einen extra <strong>Kids und Teens Club<\/strong> mit erfahrenen Betreuern an Bord gibt. Es werden verschiedenste Aktivit\u00e4ten f\u00fcr die jungen G\u00e4ste angeboten, welche von der <strong>Schnitzeljagd \u00fcbers Schiff<\/strong> bis hin zu <strong>kreativen Bastelaktionen<\/strong> oder <strong>Kids-Cocktail Workshops<\/strong> reichen. Das Programm wird jeweils individuell an die W\u00fcnsche und Bed\u00fcrfnisse der kleinen Passagiere angepasst. W\u00e4hrend die Kinder also Action und Abenteuer mit Gleichaltrigen erleben und <strong>unvergessliche Ferien<\/strong> haben, bleibt den Eltern auch mal Zeit, in aller Ruhe die Seele baumeln zu lassen.<\/p>\n<p><strong>Im \u00dcbrigen reisen Kinder bis einschlie\u00dflich 15 Jahren in Begleitung eines Erwachsenen auf Deck 1 komplett kostenfrei! <\/strong>(Bitte die genauen <a href=\"https:\/\/www.a-rosa.de\/familienreisen\" target=\"_blank\" rel=\"noopener noreferrer\">Konditionen hier<\/a> beachten!)<\/p>\n<h2><span style=\"font-weight: bold;\">Familienreise auf A-ROSA BELLA &#8211; So war&#8217;s!<\/span><\/h2>\n<div class=\"flex_column av_one_half  flex_column_div first  \" ><p>Doch wie genau ist es denn nun wirklich, mit A-ROSA auf Familienreise zu gehen? Im folgenden Abschnitt gebe ich euch ganz pers\u00f6nliche Einblicke in unser Reisetagebuch. Gemeinsam entdecken wir wunderbare Metropolen wie Budapest, Bratislava und Wien. Au\u00dferdem lernen wir kleinere Orte wie Esztergom und Melk kennen, welche uns mit ihrem Charme regelrecht verzaubern. Insgesamt 35 Kinder befinden sich mit ihren Eltern und Gro\u00dfeltern an Bord.<\/p>\n<p>Kommt mit auf unserer Entdeckungsreise zu den Donau Klassikern und erlebt eine <strong>SCH\u00d6NE ZEIT auf der A-ROSA BELLA<\/strong>!<\/p><\/div>\n<div class=\"flex_column av_one_half  flex_column_div   \" ><div id=\"attachment_8146\" style=\"width: 766px\" class=\"wp-caption alignnone\"><img loading=\"lazy\" decoding=\"async\" aria-describedby=\"caption-attachment-8146\" class=\"wp-image-8146 size-large\" title=\"Willkommen auf A-ROSA BELLA! Unsere gem\u00fctliche Kabine mit franz\u00f6sischem Balkon.\" src=\"https:\/\/blog.a-rosa.de\/wp-content\/uploads\/2019\/08\/IMG_4978-756x1024.jpg\" alt=\"Willkommen auf A-ROSA BELLA! Unsere gem\u00fctliche Kabine mit franz\u00f6sischem Balkon.\" width=\"756\" height=\"1024\" srcset=\"https:\/\/blog.a-rosa.de\/wp-content\/uploads\/2019\/08\/IMG_4978-756x1024.jpg 756w, https:\/\/blog.a-rosa.de\/wp-content\/uploads\/2019\/08\/IMG_4978-221x300.jpg 221w, https:\/\/blog.a-rosa.de\/wp-content\/uploads\/2019\/08\/IMG_4978-768x1041.jpg 768w, https:\/\/blog.a-rosa.de\/wp-content\/uploads\/2019\/08\/IMG_4978-1107x1500.jpg 1107w, https:\/\/blog.a-rosa.de\/wp-content\/uploads\/2019\/08\/IMG_4978-520x705.jpg 520w, https:\/\/blog.a-rosa.de\/wp-content\/uploads\/2019\/08\/IMG_4978-450x610.jpg 450w\" sizes=\"(max-width: 756px) 100vw, 756px\" \/><p id=\"caption-attachment-8146\" class=\"wp-caption-text\">Willkommen auf A-ROSA BELLA! Unsere gem\u00fctliche Kabine mit franz\u00f6sischem Balkon.<\/p><\/div><\/div>\n<h3>Halber Flusstag und Wien<\/h3>\n<div style='height:20px' class='hr hr-invisible  '><span class='hr-inner ' ><span class='hr-inner-style'><\/span><\/span><\/div>\n<div class=\"flex_column av_one_half  flex_column_div first  \" ><p>Zu Beginn der Reise wollen wir uns erst einmal kennenlernen. Alle 35 Kinder im Alter von 4 bis 14 Jahren werden von Kids Club Leiterin Judith in Empfang genommen. Zur feierlichen Begr\u00fc\u00dfung hat der Hotelmanager extra leckere Saft-Cocktails vorbereitet. Alle stellen sich gegenseitig vor, schl\u00fcrfen entspannt ihre Drinks und wir sprechen \u00fcber das Programm der Reise und welche tollen Aktivit\u00e4ten geplant sind.<\/p>\n<p>Doch wir lernen uns nicht nur alle untereinander kennen, sondern machen uns auch mit dem Schiff und der Crew vertraut. Sogar dem Kapit\u00e4n d\u00fcrfen wir in seinem Steuerhaus einen Besuch abstatten! Er erkl\u00e4rt die wichtigsten Funktionen an Bord und die Kids sind alle m\u00e4chtig beeindruckt von ihm und seiner Arbeit. Sie stellen flei\u00dfig Fragen und sind sp\u00e4testens dann so richtig begeistert, als sich der Kapit\u00e4n dazu breitschlagen l\u00e4sst, tats\u00e4chlich das Versenken des Steuerhauses einmal live in Action zu pr\u00e4sentieren. Was f\u00fcr ein Erlebnis!<\/p><\/div>\n<div class=\"flex_column av_one_half  flex_column_div   \" ><div id=\"attachment_8145\" style=\"width: 670px\" class=\"wp-caption alignnone\"><img loading=\"lazy\" decoding=\"async\" aria-describedby=\"caption-attachment-8145\" class=\"wp-image-8145 size-large\" title=\"Kinder-Cocktails serviert von unserem Hotelmanager.\" src=\"https:\/\/blog.a-rosa.de\/wp-content\/uploads\/2019\/08\/67162633_652947585182914_5746690512908189696_n-660x1024.jpg\" alt=\"Kinder-Cocktails serviert von unserem Hotelmanager.\" width=\"660\" height=\"1024\" srcset=\"https:\/\/blog.a-rosa.de\/wp-content\/uploads\/2019\/08\/67162633_652947585182914_5746690512908189696_n.jpg 660w, https:\/\/blog.a-rosa.de\/wp-content\/uploads\/2019\/08\/67162633_652947585182914_5746690512908189696_n-193x300.jpg 193w, https:\/\/blog.a-rosa.de\/wp-content\/uploads\/2019\/08\/67162633_652947585182914_5746690512908189696_n-454x705.jpg 454w, https:\/\/blog.a-rosa.de\/wp-content\/uploads\/2019\/08\/67162633_652947585182914_5746690512908189696_n-450x698.jpg 450w\" sizes=\"(max-width: 660px) 100vw, 660px\" \/><p id=\"caption-attachment-8145\" class=\"wp-caption-text\">Kinder-Cocktails serviert von unserem Hotelmanager.<\/p><\/div><\/div>\n<p>Doch das &#8222;Erlebnis Schifffahrt&#8220; geht weiter. Das erste Schleusen-Man\u00f6ver steht an. Die Kinder sind fasziniert davon, wie sich das Schiff zwischen die engen Betonw\u00e4nde schiebt. Die riesigen Schleusentore werden genauestens beobachtet und jede einzelne Handlung der Matrosen hinterfragt. Zum Gl\u00fcck ist immer ein Crewmitglied in der N\u00e4he, welches geduldig die vielen Fragen unserer kleinen Nachwuchs-Schifffahrer beantwortet.<\/p>\n<div id=\"attachment_8149\" style=\"width: 1034px\" class=\"wp-caption alignnone\"><img loading=\"lazy\" decoding=\"async\" aria-describedby=\"caption-attachment-8149\" class=\"wp-image-8149 size-large\" title=\"Unsere Mini-Matrosen beim Fachsimpeln \u00fcber ein kompliziertes Schleusen-Man\u00f6ver ;-)\" src=\"https:\/\/blog.a-rosa.de\/wp-content\/uploads\/2019\/08\/IMG_5105-1024x703.jpg\" alt=\"Unsere Mini-Matrosen beim Fachsimpeln \u00fcber ein kompliziertes Schleusen-Man\u00f6ver ;-)\" width=\"1024\" height=\"703\" srcset=\"https:\/\/blog.a-rosa.de\/wp-content\/uploads\/2019\/08\/IMG_5105-1024x703.jpg 1024w, https:\/\/blog.a-rosa.de\/wp-content\/uploads\/2019\/08\/IMG_5105-300x206.jpg 300w, https:\/\/blog.a-rosa.de\/wp-content\/uploads\/2019\/08\/IMG_5105-768x527.jpg 768w, https:\/\/blog.a-rosa.de\/wp-content\/uploads\/2019\/08\/IMG_5105-1500x1030.jpg 1500w, https:\/\/blog.a-rosa.de\/wp-content\/uploads\/2019\/08\/IMG_5105-705x484.jpg 705w, https:\/\/blog.a-rosa.de\/wp-content\/uploads\/2019\/08\/IMG_5105-450x309.jpg 450w\" sizes=\"(max-width: 1024px) 100vw, 1024px\" \/><p id=\"caption-attachment-8149\" class=\"wp-caption-text\">Unsere Mini-Matrosen beim Fachsimpeln \u00fcber ein kompliziertes Schleusen-Man\u00f6ver \ud83d\ude09<\/p><\/div>\n<p>Nach dem Mittagessen erreichen wir die \u00f6sterreichische Hauptstadt <a href=\"http:\/\/www.a-rosa.de\/wien\" target=\"_blank\" rel=\"noopener noreferrer\">Wien<\/a>. Der erste Ausflug unserer Reise f\u00fchrt uns per U-Bahn ins Stadtzentrum. Wir sehen uns zun\u00e4chst den Stephansdom an und st\u00e4rken uns dann mit leckeren Waffeln. Direkt neben dem Dom befindet sich n\u00e4mlich ein Manner-Gesch\u00e4ft, in welchem wir uns mit s\u00fc\u00dfen Snacks f\u00fcr den Rest des Ausflugs eindecken. Erwachsene und Kinder sind gleicherma\u00dfen begeistert \ud83d\ude09<\/p>\n<p>Weiter geht unser Spaziergang zum Museum der Illusionen. In dieser Mitmach-Ausstellung kann alles selbst ausprobiert und angefasst werden, sodass es auf keinen Fall langweilig wird. Verr\u00fcckte optische T\u00e4uschungen bringen alle zum Staunen, sodass uns im wahrsten Sinne des Wortes der Mund offen stehen bleibt. Nach so viel Illusionen tut der anschlie\u00dfende Spaziergang zum Burggarten der Hofburg richtig gut. Hier k\u00f6nnen sich die Kids auf der Wiese entspannen und die Eltern noch ein wenig vom kulturtr\u00e4chtigen Wien erleben.<\/p>\n<div id='av-masonry-1' class='av-masonry noHover av-flex-size av-large-gap av-hover-overlay- av-masonry-col-flexible av-caption-always av-caption-style- av-masonry-gallery     '  ><div class='av-masonry-container isotope av-js-disabled ' ><div class='av-masonry-entry isotope-item av-masonry-item-no-image '><\/div><a href=\"https:\/\/blog.a-rosa.de\/wp-content\/uploads\/2019\/08\/IMG_5229-e1707822811770-1024x879.jpg\" id='av-masonry-1-item-8150' data-av-masonry-item='8150' class='av-masonry-entry isotope-item post-8150 attachment type-attachment status-inherit hentry  av-masonry-item-with-image' title=\"\"  itemprop=\"thumbnailUrl\" ><div class='av-inner-masonry-sizer'><\/div><figure class='av-inner-masonry main_color'><div class=\"av-masonry-outerimage-container\"><div class=\"av-masonry-image-container\" style=\"background-image: url(https:\/\/blog.a-rosa.de\/wp-content\/uploads\/2019\/08\/IMG_5229-e1707822811770-705x605.jpg);\"><img decoding=\"async\" src=\"https:\/\/blog.a-rosa.de\/wp-content\/uploads\/2019\/08\/IMG_5229-e1707822811770-705x605.jpg\" title=\"Hofburg in Wien\" alt=\"Pferdekutschen vor der prunkvollen Hofburg in Wien mit gr\u00fcner Kuppel und vielen Touristen.\" \/><\/div><\/div><\/figure><\/a><!--end av-masonry entry--><a href=\"https:\/\/blog.a-rosa.de\/wp-content\/uploads\/2019\/08\/IMG_5149-e1707822707956-1024x682.jpg\" id='av-masonry-1-item-8177' data-av-masonry-item='8177' class='av-masonry-entry isotope-item post-8177 attachment type-attachment status-inherit hentry  av-masonry-item-with-image' title=\"\"  itemprop=\"thumbnailUrl\" ><div class='av-inner-masonry-sizer'><\/div><figure class='av-inner-masonry main_color'><div class=\"av-masonry-outerimage-container\"><div class=\"av-masonry-image-container\" style=\"background-image: url(https:\/\/blog.a-rosa.de\/wp-content\/uploads\/2019\/08\/IMG_5149-e1707822707956-705x470.jpg);\"><img decoding=\"async\" src=\"https:\/\/blog.a-rosa.de\/wp-content\/uploads\/2019\/08\/IMG_5149-e1707822707956-705x470.jpg\" title=\"Stephansdom von Wien\" alt=\"Au\u00dfenansicht von St. Stephan&#039;s Dom in Wien mit markanten T\u00fcrmen und detaillierter Steinfassade.\" \/><\/div><\/div><\/figure><\/a><!--end av-masonry entry--><a href=\"https:\/\/blog.a-rosa.de\/wp-content\/uploads\/2019\/08\/IMG_5154-1024x658.jpg\" id='av-masonry-1-item-8178' data-av-masonry-item='8178' class='av-masonry-entry isotope-item post-8178 attachment type-attachment status-inherit hentry  av-masonry-item-with-image' title=\"\"  itemprop=\"thumbnailUrl\" ><div class='av-inner-masonry-sizer'><\/div><figure class='av-inner-masonry main_color'><div class=\"av-masonry-outerimage-container\"><div class=\"av-masonry-image-container\" style=\"background-image: url(https:\/\/blog.a-rosa.de\/wp-content\/uploads\/2019\/08\/IMG_5154-705x453.jpg);\"><img decoding=\"async\" src=\"https:\/\/blog.a-rosa.de\/wp-content\/uploads\/2019\/08\/IMG_5154-705x453.jpg\" title=\"Manner-Waffeln neben dem Stephansdom\" alt=\"Hand h\u00e4lt eine Packung Manner Cocos Waffeln vor einem historischen Geb\u00e4ude in Wien\" \/><\/div><\/div><\/figure><\/a><!--end av-masonry entry--><a href=\"https:\/\/blog.a-rosa.de\/wp-content\/uploads\/2019\/08\/P1250477-1024x679.jpg\" id='av-masonry-1-item-8179' data-av-masonry-item='8179' class='av-masonry-entry isotope-item post-8179 attachment type-attachment status-inherit hentry  av-masonry-item-with-image' title=\"\"  itemprop=\"thumbnailUrl\" ><div class='av-inner-masonry-sizer'><\/div><figure class='av-inner-masonry main_color'><div class=\"av-masonry-outerimage-container\"><div class=\"av-masonry-image-container\" style=\"background-image: url(https:\/\/blog.a-rosa.de\/wp-content\/uploads\/2019\/08\/P1250477-705x468.jpg);\"><img decoding=\"async\" src=\"https:\/\/blog.a-rosa.de\/wp-content\/uploads\/2019\/08\/P1250477-705x468.jpg\" title=\"Im Museum der Illusionen\" alt=\"Frau in Leopardenmusterkleid und Kind posieren vor Wand mit geometrischem Muster und Schrift &#039;Museum der Illusionen Wien&#039;\" \/><\/div><\/div><\/figure><\/a><!--end av-masonry entry--><a href=\"https:\/\/blog.a-rosa.de\/wp-content\/uploads\/2019\/08\/IMG_5191-930x1024.jpg\" id='av-masonry-1-item-8208' data-av-masonry-item='8208' class='av-masonry-entry isotope-item post-8208 attachment type-attachment status-inherit hentry  av-masonry-item-with-image' title=\"\"  itemprop=\"thumbnailUrl\" ><div class='av-inner-masonry-sizer'><\/div><figure class='av-inner-masonry main_color'><div class=\"av-masonry-outerimage-container\"><div class=\"av-masonry-image-container\" style=\"background-image: url(https:\/\/blog.a-rosa.de\/wp-content\/uploads\/2019\/08\/IMG_5191-641x705.jpg);\"><img decoding=\"async\" src=\"https:\/\/blog.a-rosa.de\/wp-content\/uploads\/2019\/08\/IMG_5191-641x705.jpg\" title=\"Im Museum der Illusionen\" alt=\"Kind sitzt an einem wei\u00dfen Dreieckstisch in einer Ecke mit blauen W\u00e4nden, trinkt aus einem Glas. Auf dem Tisch stehen eine wei\u00dfe Vase mit Blumen und eine Obstschale mit Ananas und Limetten.\" \/><\/div><\/div><\/figure><\/a><!--end av-masonry entry--><a href=\"https:\/\/blog.a-rosa.de\/wp-content\/uploads\/2019\/08\/IMG_5205-1024x683.jpg\" id='av-masonry-1-item-8209' data-av-masonry-item='8209' class='av-masonry-entry isotope-item post-8209 attachment type-attachment status-inherit hentry  av-masonry-item-with-image' title=\"\"  itemprop=\"thumbnailUrl\" ><div class='av-inner-masonry-sizer'><\/div><figure class='av-inner-masonry main_color'><div class=\"av-masonry-outerimage-container\"><div class=\"av-masonry-image-container\" style=\"background-image: url(https:\/\/blog.a-rosa.de\/wp-content\/uploads\/2019\/08\/IMG_5205-705x470.jpg);\"><img decoding=\"async\" src=\"https:\/\/blog.a-rosa.de\/wp-content\/uploads\/2019\/08\/IMG_5205-705x470.jpg\" title=\"Im Museum der Illusionen\" alt=\"Mehrere Personen in Tarnuniformen stehen in einem Kreis und blicken nach unten zur Kamera in der Mitte\" \/><\/div><\/div><\/figure><\/a><!--end av-masonry entry--><a href=\"https:\/\/blog.a-rosa.de\/wp-content\/uploads\/2019\/08\/IMG_5214-983x1024.jpg\" id='av-masonry-1-item-8210' data-av-masonry-item='8210' class='av-masonry-entry isotope-item post-8210 attachment type-attachment status-inherit hentry  av-masonry-item-with-image' title=\"\"  itemprop=\"thumbnailUrl\" ><div class='av-inner-masonry-sizer'><\/div><figure class='av-inner-masonry main_color'><div class=\"av-masonry-outerimage-container\"><div class=\"av-masonry-image-container\" style=\"background-image: url(https:\/\/blog.a-rosa.de\/wp-content\/uploads\/2019\/08\/IMG_5214-677x705.jpg);\"><img decoding=\"async\" src=\"https:\/\/blog.a-rosa.de\/wp-content\/uploads\/2019\/08\/IMG_5214-677x705.jpg\" title=\"Im Museum der Illusionen\" alt=\"Kind h\u00e4ngt seitlich an einer Stange neben einer grauen T\u00fcr in einem Raum mit wei\u00dfer Wand und Teppichboden\" \/><\/div><\/div><\/figure><\/a><!--end av-masonry entry--><\/div><\/div>\n<h3><span style=\"font-weight: bold;\">Wien<\/span><\/h3>\n<p>Wir sind \u00fcber Nacht in Wien geblieben, wo wir heute Morgen von den ersten Strahlen der aufgehenden Sonne wachgekitzelt werden. Es soll ein besonders hei\u00dfer Tag werden. Da wir am Nachmittag einen Ausflug zum Schloss Sch\u00f6nbrunn geplant haben, wird der Vormittag ganz entspannt an Bord unserer A-ROSA BELLA verbracht. Zur Freude der Kinder, denn die sind ohnehin ganz verr\u00fcckt nach dem Pool und w\u00fcrden am liebsten nirgendwo anders mehr sein. Die Eltern machen es sich unter den gro\u00dfen Sonnensegeln an Deck gem\u00fctlich und die Crew serviert leckere Erfrischungsgetr\u00e4nke. Genauso f\u00fchlt sich Urlaub an!<\/p>\n<p>Um 14 Uhr startet schlie\u00dflich unser Bus zum Schloss Sch\u00f6nbrunn. Wir haben uns diesmal f\u00fcr den Besuch des Kindermuseums entschieden. Hier lernen Kids auf spielerische Art und Weise das Leben anderer Kinder zu Zeiten von Sissi und Franz kennen. Zeitgen\u00f6ssisches Spielzeug wird dabei ebenso ausgestellt wie typische Frisuren und prunkvolle Kleidung. Diese darf von den Kindern sogar selbst anprobiert werden! Ein absolutes Erlebnis f\u00fcr die kleinen Prinzessinnen und Prinzen.<\/p>\n<div id='av-masonry-2' class='av-masonry noHover av-flex-size av-large-gap av-hover-overlay- av-masonry-col-flexible av-caption-always av-caption-style- av-masonry-gallery     '  ><div class='av-masonry-container isotope av-js-disabled ' ><div class='av-masonry-entry isotope-item av-masonry-item-no-image '><\/div><a href=\"https:\/\/blog.a-rosa.de\/wp-content\/uploads\/2019\/08\/IMG_5680-1024x767.jpg\" id='av-masonry-2-item-8156' data-av-masonry-item='8156' class='av-masonry-entry isotope-item post-8156 attachment type-attachment status-inherit hentry  av-masonry-item-with-image' title=\"\"  itemprop=\"thumbnailUrl\" ><div class='av-inner-masonry-sizer'><\/div><figure class='av-inner-masonry main_color'><div class=\"av-masonry-outerimage-container\"><div class=\"av-masonry-image-container\" style=\"background-image: url(https:\/\/blog.a-rosa.de\/wp-content\/uploads\/2019\/08\/IMG_5680-705x528.jpg);\"><img decoding=\"async\" src=\"https:\/\/blog.a-rosa.de\/wp-content\/uploads\/2019\/08\/IMG_5680-705x528.jpg\" title=\"Schloss Sch\u00f6nbrunn\" alt=\"Sch\u00f6nbrunn Palace in Wien mit bunten Blumenbeeten und gepflegten Rasenfl\u00e4chen im Vordergrund.\" \/><\/div><\/div><\/figure><\/a><!--end av-masonry entry--><a href=\"https:\/\/blog.a-rosa.de\/wp-content\/uploads\/2019\/08\/IMG_5592-1024x630.jpg\" id='av-masonry-2-item-8155' data-av-masonry-item='8155' class='av-masonry-entry isotope-item post-8155 attachment type-attachment status-inherit hentry  av-masonry-item-with-image' title=\"\"  itemprop=\"thumbnailUrl\" ><div class='av-inner-masonry-sizer'><\/div><figure class='av-inner-masonry main_color'><div class=\"av-masonry-outerimage-container\"><div class=\"av-masonry-image-container\" style=\"background-image: url(https:\/\/blog.a-rosa.de\/wp-content\/uploads\/2019\/08\/IMG_5592-705x434.jpg);\"><img decoding=\"async\" src=\"https:\/\/blog.a-rosa.de\/wp-content\/uploads\/2019\/08\/IMG_5592-705x434.jpg\" title=\"Kindermuseum von Schloss Sch\u00f6nbrunn\" alt=\"Gruppe von Kindern in traditionellen Kost\u00fcmen vor einem roten Thron im historischen Ambiente.\" \/><\/div><\/div><\/figure><\/a><!--end av-masonry entry--><a href=\"https:\/\/blog.a-rosa.de\/wp-content\/uploads\/2019\/08\/IMG_5579-775x1024.jpg\" id='av-masonry-2-item-8154' data-av-masonry-item='8154' class='av-masonry-entry isotope-item post-8154 attachment type-attachment status-inherit hentry  av-masonry-item-with-image' title=\"\"  itemprop=\"thumbnailUrl\" ><div class='av-inner-masonry-sizer'><\/div><figure class='av-inner-masonry main_color'><div class=\"av-masonry-outerimage-container\"><div class=\"av-masonry-image-container\" style=\"background-image: url(https:\/\/blog.a-rosa.de\/wp-content\/uploads\/2019\/08\/IMG_5579-534x705.jpg);\"><img decoding=\"async\" src=\"https:\/\/blog.a-rosa.de\/wp-content\/uploads\/2019\/08\/IMG_5579-534x705.jpg\" title=\"Verkleiden im Kindermuseum\" alt=\"Kind auf einem goldenen Thron, tr\u00e4gt eine Krone und h\u00e4lt einen F\u00e4cher, ideal f\u00fcr k\u00f6nigliche Fotos.\" \/><\/div><\/div><\/figure><\/a><!--end av-masonry entry--><a href=\"https:\/\/blog.a-rosa.de\/wp-content\/uploads\/2019\/08\/IMG_5561-825x1024.jpg\" id='av-masonry-2-item-8153' data-av-masonry-item='8153' class='av-masonry-entry isotope-item post-8153 attachment type-attachment status-inherit hentry  av-masonry-item-with-image' title=\"\"  itemprop=\"thumbnailUrl\" ><div class='av-inner-masonry-sizer'><\/div><figure class='av-inner-masonry main_color'><div class=\"av-masonry-outerimage-container\"><div class=\"av-masonry-image-container\" style=\"background-image: url(https:\/\/blog.a-rosa.de\/wp-content\/uploads\/2019\/08\/IMG_5561-568x705.jpg);\"><img decoding=\"async\" src=\"https:\/\/blog.a-rosa.de\/wp-content\/uploads\/2019\/08\/IMG_5561-568x705.jpg\" title=\"Verkleiden im Kindermuseum\" alt=\"Ein Kind in historischer Kleidung sitzt auf einem goldverzierten Thron in einer pr\u00e4chtigen Umgebung.\" \/><\/div><\/div><\/figure><\/a><!--end av-masonry entry--><a href=\"https:\/\/blog.a-rosa.de\/wp-content\/uploads\/2019\/08\/IMG_5530-769x1024.jpg\" id='av-masonry-2-item-8152' data-av-masonry-item='8152' class='av-masonry-entry isotope-item post-8152 attachment type-attachment status-inherit hentry  av-masonry-item-with-image' title=\"\"  itemprop=\"thumbnailUrl\" ><div class='av-inner-masonry-sizer'><\/div><figure class='av-inner-masonry main_color'><div class=\"av-masonry-outerimage-container\"><div class=\"av-masonry-image-container\" style=\"background-image: url(https:\/\/blog.a-rosa.de\/wp-content\/uploads\/2019\/08\/IMG_5530-530x705.jpg);\"><img decoding=\"async\" src=\"https:\/\/blog.a-rosa.de\/wp-content\/uploads\/2019\/08\/IMG_5530-530x705.jpg\" title=\"Familienausflug ins Schloss Sch\u00f6nbrunn\" alt=\"Vier Kinder mit bunten Rucks\u00e4cken stehen vor einem Brunnen in einer historischen Gartenlandschaft.\" \/><\/div><\/div><\/figure><\/a><!--end av-masonry entry--><a href=\"https:\/\/blog.a-rosa.de\/wp-content\/uploads\/2019\/08\/IMG_5801-1024x917.jpg\" id='av-masonry-2-item-8159' data-av-masonry-item='8159' class='av-masonry-entry isotope-item post-8159 attachment type-attachment status-inherit hentry  av-masonry-item-with-image' title=\"\"  itemprop=\"thumbnailUrl\" ><div class='av-inner-masonry-sizer'><\/div><figure class='av-inner-masonry main_color'><div class=\"av-masonry-outerimage-container\"><div class=\"av-masonry-image-container\" style=\"background-image: url(https:\/\/blog.a-rosa.de\/wp-content\/uploads\/2019\/08\/IMG_5801-705x631.jpg);\"><img decoding=\"async\" src=\"https:\/\/blog.a-rosa.de\/wp-content\/uploads\/2019\/08\/IMG_5801-705x631.jpg\" title=\"Gem\u00e4lde des Kids Club\" alt=\"Bunte Kinderzeichnung umgeben von bunten Kritzelbildern und Stiften.\" \/><\/div><\/div><\/figure><\/a><!--end av-masonry entry--><\/div><\/div>\n<div class=\"flex_column av_one_half  flex_column_div first  \" ><p>Am Abend, w\u00e4hrend die Kinder im Kids Club spielen, steht dann f\u00fcr die Eltern noch etwas ganz Besonderes auf dem Programm: beim A-ROSA Wine and Dine werden unsere Gaumen mit Gerichten verw\u00f6hnt, wie sie schon Kaiserin Sissi am liebsten a\u00df. Dazu werden edle Tropfen der Wachau gereicht und schwungvolle Melodien ert\u00f6nen, als wir Wien verlassen.<\/p><\/div>\n<div class=\"flex_column av_one_half  flex_column_div   \" ><div id=\"attachment_8204\" style=\"width: 1034px\" class=\"wp-caption alignnone\"><img loading=\"lazy\" decoding=\"async\" aria-describedby=\"caption-attachment-8204\" class=\"wp-image-8204 size-large\" title=\"Lecker! Die G\u00e4ste wurden an Bord der A-ROSA BELLA so richtig verw\u00f6hnt.\" src=\"https:\/\/blog.a-rosa.de\/wp-content\/uploads\/2019\/08\/IMG_5815-1024x587.jpg\" alt=\"Lecker! Die G\u00e4ste wurden an Bord der A-ROSA BELLA so richtig verw\u00f6hnt.\" width=\"1024\" height=\"587\" srcset=\"https:\/\/blog.a-rosa.de\/wp-content\/uploads\/2019\/08\/IMG_5815-1024x587.jpg 1024w, https:\/\/blog.a-rosa.de\/wp-content\/uploads\/2019\/08\/IMG_5815-300x172.jpg 300w, https:\/\/blog.a-rosa.de\/wp-content\/uploads\/2019\/08\/IMG_5815-768x440.jpg 768w, https:\/\/blog.a-rosa.de\/wp-content\/uploads\/2019\/08\/IMG_5815-1500x860.jpg 1500w, https:\/\/blog.a-rosa.de\/wp-content\/uploads\/2019\/08\/IMG_5815-705x404.jpg 705w, https:\/\/blog.a-rosa.de\/wp-content\/uploads\/2019\/08\/IMG_5815-450x258.jpg 450w\" sizes=\"(max-width: 1024px) 100vw, 1024px\" \/><p id=\"caption-attachment-8204\" class=\"wp-caption-text\">Lecker! Die G\u00e4ste wurden an Bord der A-ROSA BELLA so richtig verw\u00f6hnt.<\/p><\/div><\/div>\n<div id=\"attachment_8157\" style=\"width: 851px\" class=\"wp-caption alignnone\"><img loading=\"lazy\" decoding=\"async\" aria-describedby=\"caption-attachment-8157\" class=\"wp-image-8157 size-large\" title=\"Ein tolles Ambiente: Zu Tisch bitte!\" src=\"https:\/\/blog.a-rosa.de\/wp-content\/uploads\/2019\/08\/IMG_5728-841x1024.jpg\" alt=\"Ein tolles Ambiente: Zu Tisch bitte!\" width=\"841\" height=\"1024\" srcset=\"https:\/\/blog.a-rosa.de\/wp-content\/uploads\/2019\/08\/IMG_5728-841x1024.jpg 841w, https:\/\/blog.a-rosa.de\/wp-content\/uploads\/2019\/08\/IMG_5728-246x300.jpg 246w, https:\/\/blog.a-rosa.de\/wp-content\/uploads\/2019\/08\/IMG_5728-768x935.jpg 768w, https:\/\/blog.a-rosa.de\/wp-content\/uploads\/2019\/08\/IMG_5728-1232x1500.jpg 1232w, https:\/\/blog.a-rosa.de\/wp-content\/uploads\/2019\/08\/IMG_5728-579x705.jpg 579w, https:\/\/blog.a-rosa.de\/wp-content\/uploads\/2019\/08\/IMG_5728-450x548.jpg 450w\" sizes=\"(max-width: 841px) 100vw, 841px\" \/><p id=\"caption-attachment-8157\" class=\"wp-caption-text\">Ein tolles Ambiente: Zu Tisch bitte!<\/p><\/div>\n<h3 style=\"text-align: left;\"><span style=\"font-weight: bold;\">Esztergom und Budapest<\/span><\/h3>\n<div class=\"flex_column av_one_half  flex_column_div   \" ><\/div>\n<p>Herzlich Willkommen in Ungarn! Heute starten wir fr\u00fch in den Tag, denn vor dem Schiff wartet schon ein Mini-Zug, der uns gleich hoch zur Basilika von Esztergom bringen wird. Diese gilt als die gr\u00f6\u00dfte Kirche Ungarns und ist insbesondere f\u00fcr ihr Altargem\u00e4lde ber\u00fchmt. Es stellt das weltweit gr\u00f6\u00dfte Bild dar, welches je auf einem einzigen St\u00fcck Leinwand gemalt wurde. Wir besichtigen die Innenr\u00e4ume der Kirche und k\u00f6nnen sogar die Krypta betreten. Von der Basilika aus haben wir au\u00dferdem einen tollen Blick auf die Donau, welche Ungarn und die Slowakei voneinander trennt.<\/p>\n<div id='av-masonry-3' class='av-masonry noHover av-flex-size av-large-gap av-hover-overlay- av-masonry-col-flexible av-caption-always av-caption-style- av-masonry-gallery     '  ><div class='av-masonry-container isotope av-js-disabled ' ><div class='av-masonry-entry isotope-item av-masonry-item-no-image '><\/div><a href=\"https:\/\/blog.a-rosa.de\/wp-content\/uploads\/2019\/08\/P1260195-2-825x1024.jpg\" id='av-masonry-3-item-8176' data-av-masonry-item='8176' class='av-masonry-entry isotope-item post-8176 attachment type-attachment status-inherit hentry  av-masonry-item-with-image' title=\"\"  itemprop=\"thumbnailUrl\" ><div class='av-inner-masonry-sizer'><\/div><figure class='av-inner-masonry main_color'><div class=\"av-masonry-outerimage-container\"><div class=\"av-masonry-image-container\" style=\"background-image: url(https:\/\/blog.a-rosa.de\/wp-content\/uploads\/2019\/08\/P1260195-2-568x705.jpg);\"><img decoding=\"async\" src=\"https:\/\/blog.a-rosa.de\/wp-content\/uploads\/2019\/08\/P1260195-2-568x705.jpg\" title=\"Blick von Bord auf die Basilika von Esztergom\" alt=\"Frau im roten Kleid mit einer Rose am Wasser, im Hintergrund die Stadt Esztergom und die Basilika.\" \/><\/div><\/div><\/figure><\/a><!--end av-masonry entry--><a href=\"https:\/\/blog.a-rosa.de\/wp-content\/uploads\/2019\/08\/IMG_5920-1024x590.jpg\" id='av-masonry-3-item-8161' data-av-masonry-item='8161' class='av-masonry-entry isotope-item post-8161 attachment type-attachment status-inherit hentry  av-masonry-item-with-image' title=\"\"  itemprop=\"thumbnailUrl\" ><div class='av-inner-masonry-sizer'><\/div><figure class='av-inner-masonry main_color'><div class=\"av-masonry-outerimage-container\"><div class=\"av-masonry-image-container\" style=\"background-image: url(https:\/\/blog.a-rosa.de\/wp-content\/uploads\/2019\/08\/IMG_5920-705x407.jpg);\"><img decoding=\"async\" src=\"https:\/\/blog.a-rosa.de\/wp-content\/uploads\/2019\/08\/IMG_5920-705x407.jpg\" title=\"Mit dem Mini-Zug zur Basilika\" alt=\"Historische Dampflok im Freien, rot-schwarzes Design vor beeindruckender Architektur.\" \/><\/div><\/div><\/figure><\/a><!--end av-masonry entry--><a href=\"https:\/\/blog.a-rosa.de\/wp-content\/uploads\/2019\/08\/IMG_5855-683x1024.jpg\" id='av-masonry-3-item-8213' data-av-masonry-item='8213' class='av-masonry-entry isotope-item post-8213 attachment type-attachment status-inherit hentry  av-masonry-item-with-image' title=\"\"  itemprop=\"thumbnailUrl\" ><div class='av-inner-masonry-sizer'><\/div><figure class='av-inner-masonry main_color'><div class=\"av-masonry-outerimage-container\"><div class=\"av-masonry-image-container\" style=\"background-image: url(https:\/\/blog.a-rosa.de\/wp-content\/uploads\/2019\/08\/IMG_5855-470x705.jpg);\"><img decoding=\"async\" src=\"https:\/\/blog.a-rosa.de\/wp-content\/uploads\/2019\/08\/IMG_5855-470x705.jpg\" title=\"Orgel der Basilika von Esztergom\" alt=\"Innenraum einer Kirche mit gro\u00dfer Orgel \u00fcber drei B\u00f6gen, verzierten Decken und Reihen von Holzb\u00e4nken\" \/><\/div><\/div><\/figure><\/a><!--end av-masonry entry--><a href=\"https:\/\/blog.a-rosa.de\/wp-content\/uploads\/2019\/08\/IMG_5876-683x1024.jpg\" id='av-masonry-3-item-8214' data-av-masonry-item='8214' class='av-masonry-entry isotope-item post-8214 attachment type-attachment status-inherit hentry  av-masonry-item-with-image' title=\"\"  itemprop=\"thumbnailUrl\" ><div class='av-inner-masonry-sizer'><\/div><figure class='av-inner-masonry main_color'><div class=\"av-masonry-outerimage-container\"><div class=\"av-masonry-image-container\" style=\"background-image: url(https:\/\/blog.a-rosa.de\/wp-content\/uploads\/2019\/08\/IMG_5876-470x705.jpg);\"><img decoding=\"async\" src=\"https:\/\/blog.a-rosa.de\/wp-content\/uploads\/2019\/08\/IMG_5876-470x705.jpg\" title=\"In der Basilika von Esztergom\" alt=\"Blonder Junge mit Rucksack steht vor roten Stufen und verziertem Altar in einer Kirche mit hohen S\u00e4ulen und Wandgem\u00e4lden\" \/><\/div><\/div><\/figure><\/a><!--end av-masonry entry--><a href=\"https:\/\/blog.a-rosa.de\/wp-content\/uploads\/2019\/08\/IMG_5868-683x1024.jpg\" id='av-masonry-3-item-8160' data-av-masonry-item='8160' class='av-masonry-entry isotope-item post-8160 attachment type-attachment status-inherit hentry  av-masonry-item-with-image' title=\"\"  itemprop=\"thumbnailUrl\" ><div class='av-inner-masonry-sizer'><\/div><figure class='av-inner-masonry main_color'><div class=\"av-masonry-outerimage-container\"><div class=\"av-masonry-image-container\" style=\"background-image: url(https:\/\/blog.a-rosa.de\/wp-content\/uploads\/2019\/08\/IMG_5868-470x705.jpg);\"><img decoding=\"async\" src=\"https:\/\/blog.a-rosa.de\/wp-content\/uploads\/2019\/08\/IMG_5868-470x705.jpg\" title=\"Altargem\u00e4lde der Basilika\" alt=\"Kunstvolles Kircheninnendesign mit prachtvollem Deckengem\u00e4lde und gro\u00dfer Altaransicht.\" \/><\/div><\/div><\/figure><\/a><!--end av-masonry entry--><a href=\"https:\/\/blog.a-rosa.de\/wp-content\/uploads\/2019\/08\/IMG_5901-1024x654.jpg\" id='av-masonry-3-item-8215' data-av-masonry-item='8215' class='av-masonry-entry isotope-item post-8215 attachment type-attachment status-inherit hentry  av-masonry-item-with-image' title=\"\"  itemprop=\"thumbnailUrl\" ><div class='av-inner-masonry-sizer'><\/div><figure class='av-inner-masonry main_color'><div class=\"av-masonry-outerimage-container\"><div class=\"av-masonry-image-container\" style=\"background-image: url(https:\/\/blog.a-rosa.de\/wp-content\/uploads\/2019\/08\/IMG_5901-705x450.jpg);\"><img decoding=\"async\" src=\"https:\/\/blog.a-rosa.de\/wp-content\/uploads\/2019\/08\/IMG_5901-705x450.jpg\" title=\"Blick von der Basilika auf die Donau\" alt=\"Blick auf die Donau mit einer Br\u00fccke, historischen Geb\u00e4uden und einer Kirche mit zwei T\u00fcrmen in einer gr\u00fcnen Stadtlandschaft\" \/><\/div><\/div><\/figure><\/a><!--end av-masonry entry--><\/div><\/div>\n<p>Nach diesem spannenden Vormittag st\u00e4rken wir uns erstmal wieder am Mittagsbuffet an Bord. Die A-ROSA BELLA verabschiedet sich von Esztergom und setzt ihre Fahrt fort in Richtung Budapest, wo wir wenige Stunden sp\u00e4ter ankommen. Die Einfahrt in Budapest ist ein Highlight jeder Donau-Kreuzfahrt. Zu stimmungsvoller Musik fahren wir vorbei am alten Parlament, Fischerbastei und Co. und genie\u00dfen die atemberaubende Aussicht.<\/p>\n<div id=\"attachment_8186\" style=\"width: 1034px\" class=\"wp-caption alignnone\"><img loading=\"lazy\" decoding=\"async\" aria-describedby=\"caption-attachment-8186\" class=\"wp-image-8186 size-large\" title=\"Die A-ROSA DONNA vor dem Parlament in Budapest.\" src=\"https:\/\/blog.a-rosa.de\/wp-content\/uploads\/2019\/08\/IMG_6262-2-1024x582.jpg\" alt=\"Die A-ROSA DONNA vor dem Parlament in Budapest.\" width=\"1024\" height=\"582\" srcset=\"https:\/\/blog.a-rosa.de\/wp-content\/uploads\/2019\/08\/IMG_6262-2-1024x582.jpg 1024w, https:\/\/blog.a-rosa.de\/wp-content\/uploads\/2019\/08\/IMG_6262-2-300x170.jpg 300w, https:\/\/blog.a-rosa.de\/wp-content\/uploads\/2019\/08\/IMG_6262-2-768x436.jpg 768w, https:\/\/blog.a-rosa.de\/wp-content\/uploads\/2019\/08\/IMG_6262-2-1500x852.jpg 1500w, https:\/\/blog.a-rosa.de\/wp-content\/uploads\/2019\/08\/IMG_6262-2-705x401.jpg 705w, https:\/\/blog.a-rosa.de\/wp-content\/uploads\/2019\/08\/IMG_6262-2-450x256.jpg 450w\" sizes=\"(max-width: 1024px) 100vw, 1024px\" \/><p id=\"caption-attachment-8186\" class=\"wp-caption-text\">Die A-ROSA DONNA vor dem Parlament in Budapest.<\/p><\/div>\n<p>Kaum angekommen am Anleger zieht es uns schon in die Stadt. Zu sch\u00f6n ist Budapest und zu pulsierend das Leben, um einfach an Bord zu bleiben. Wir besuchen die nahe gelegene Markthalle, wo wir original ungarisches Langos probieren. Super lecker, aber darf ich euch was verraten? <a href=\"https:\/\/blog.a-rosa.de\/kreuzfahrt-blog\/2019\/04\/10\/donau-kurzreise-wien-fruehlingsgefuehle-auf-a-rosa-donna\/\" target=\"_blank\" rel=\"noopener noreferrer\">Das Langos<\/a>, welches wir vor einigen Monaten auf dem Sonnendeck unserer A-ROSA DONNA gegessen haben, war sogar noch besser!<\/p>\n<div style='height:10px' class='hr hr-invisible  '><span class='hr-inner ' ><span class='hr-inner-style'><\/span><\/span><\/div>\n<div id=\"attachment_8182\" style=\"width: 1034px\" class=\"wp-caption alignnone\"><img loading=\"lazy\" decoding=\"async\" aria-describedby=\"caption-attachment-8182\" class=\"wp-image-8182 size-large\" title=\"Die Markthalle in Budapest.\" src=\"https:\/\/blog.a-rosa.de\/wp-content\/uploads\/2019\/08\/IMG_6067-1024x581.jpg\" alt=\"Die Markthalle in Budapest.\" width=\"1024\" height=\"581\" srcset=\"https:\/\/blog.a-rosa.de\/wp-content\/uploads\/2019\/08\/IMG_6067-1024x581.jpg 1024w, https:\/\/blog.a-rosa.de\/wp-content\/uploads\/2019\/08\/IMG_6067-300x170.jpg 300w, https:\/\/blog.a-rosa.de\/wp-content\/uploads\/2019\/08\/IMG_6067-768x436.jpg 768w, https:\/\/blog.a-rosa.de\/wp-content\/uploads\/2019\/08\/IMG_6067-1500x852.jpg 1500w, https:\/\/blog.a-rosa.de\/wp-content\/uploads\/2019\/08\/IMG_6067-705x400.jpg 705w, https:\/\/blog.a-rosa.de\/wp-content\/uploads\/2019\/08\/IMG_6067-450x255.jpg 450w\" sizes=\"(max-width: 1024px) 100vw, 1024px\" \/><p id=\"caption-attachment-8182\" class=\"wp-caption-text\">Die Markthalle in Budapest.<\/p><\/div>\n<div class=\"flex_column av_one_half  flex_column_div first  \" ><\/div>\n<div id=\"attachment_8181\" style=\"width: 1034px\" class=\"wp-caption alignnone\"><img loading=\"lazy\" decoding=\"async\" aria-describedby=\"caption-attachment-8181\" class=\"wp-image-8181 size-large\" title=\"Spezialit\u00e4t in Budapest: Langos.\" src=\"https:\/\/blog.a-rosa.de\/wp-content\/uploads\/2019\/08\/IMG_6062-1024x615.jpg\" alt=\"Spezialit\u00e4t in Budapest: Langos.\" width=\"1024\" height=\"615\" srcset=\"https:\/\/blog.a-rosa.de\/wp-content\/uploads\/2019\/08\/IMG_6062-1024x615.jpg 1024w, https:\/\/blog.a-rosa.de\/wp-content\/uploads\/2019\/08\/IMG_6062-300x180.jpg 300w, https:\/\/blog.a-rosa.de\/wp-content\/uploads\/2019\/08\/IMG_6062-768x461.jpg 768w, https:\/\/blog.a-rosa.de\/wp-content\/uploads\/2019\/08\/IMG_6062-1500x901.jpg 1500w, https:\/\/blog.a-rosa.de\/wp-content\/uploads\/2019\/08\/IMG_6062-705x424.jpg 705w, https:\/\/blog.a-rosa.de\/wp-content\/uploads\/2019\/08\/IMG_6062-450x270.jpg 450w\" sizes=\"(max-width: 1024px) 100vw, 1024px\" \/><p id=\"caption-attachment-8181\" class=\"wp-caption-text\">Spezialit\u00e4t in Budapest: Langos.<\/p><\/div>\n<div class=\"flex_column av_one_half  flex_column_div   \" ><\/div>\n<div style='height:10px' class='hr hr-invisible  '><span class='hr-inner ' ><span class='hr-inner-style'><\/span><\/span><\/div>\n<div class=\"flex_column av_one_half  flex_column_div first  \" ><p>Gut gest\u00e4rkt schlendern wir durch die engen St\u00e4nde der Markthalle und sp\u00e4ter durch die Gassen der Altstadt. Da wir uns immer in unmittelbarer N\u00e4he zu unserem A-ROSA Schiff befinden, schaffen wir es p\u00fcnktlich wieder an Bord zu sein, um auf keinen Fall die anstehende Schatzsuche zu verpassen!<\/p>\n<p>An Bord versteckt sind n\u00e4mlich verschiedene Hinweise, welche die Kids zu einem geheimen Ort leiten sollen, wo eine s\u00fc\u00dfe \u00dcberraschung auf sie wartet. Bei untergehender Sonne \u00fcbers Sonnendeck zu toben &#8211; mit Budapest als Traumkulisse im R\u00fccken &#8211; ist ein Erlebnis, bei welchem sogar ich kurz innehalten muss, um einfach den Moment zu genie\u00dfen.<\/p><\/div>\n<div class=\"flex_column av_one_half  flex_column_div   \" ><div id=\"attachment_8183\" style=\"width: 853px\" class=\"wp-caption alignnone\"><img loading=\"lazy\" decoding=\"async\" aria-describedby=\"caption-attachment-8183\" class=\"wp-image-8183 size-large\" title=\"Der Kids Club auf der Suche nach einem verborgenen Schatz.\" src=\"https:\/\/blog.a-rosa.de\/wp-content\/uploads\/2019\/08\/IMG_6115-843x1024.jpg\" alt=\"Der Kids Club auf der Suche nach einem verborgenen Schatz.\" width=\"843\" height=\"1024\" srcset=\"https:\/\/blog.a-rosa.de\/wp-content\/uploads\/2019\/08\/IMG_6115-843x1024.jpg 843w, https:\/\/blog.a-rosa.de\/wp-content\/uploads\/2019\/08\/IMG_6115-247x300.jpg 247w, https:\/\/blog.a-rosa.de\/wp-content\/uploads\/2019\/08\/IMG_6115-768x933.jpg 768w, https:\/\/blog.a-rosa.de\/wp-content\/uploads\/2019\/08\/IMG_6115-1235x1500.jpg 1235w, https:\/\/blog.a-rosa.de\/wp-content\/uploads\/2019\/08\/IMG_6115-580x705.jpg 580w, https:\/\/blog.a-rosa.de\/wp-content\/uploads\/2019\/08\/IMG_6115-450x547.jpg 450w\" sizes=\"(max-width: 843px) 100vw, 843px\" \/><p id=\"caption-attachment-8183\" class=\"wp-caption-text\">Der Kids Club auf der Suche nach einem verborgenen Schatz.<\/p><\/div><\/div>\n<h3><span style=\"font-weight: bold;\">Budapest<\/span><\/h3>\n<p>Bereits gestern haben wir <a href=\"https:\/\/www.a-rosa.de\/flusskreuzfahrten\/angebote\/staedtereisen\/budapest-staedtereise.html\" target=\"_blank\" rel=\"noopener noreferrer\">Budapest<\/a> erkundet. Heute zieht es uns an das gegen\u00fcberliegende Donau-Ufer. Mit der Seilbahn fahren wir hinauf zum Burgenviertel. Wir bewundern die vielen barocken Sehensw\u00fcrdigkeiten und staunen \u00fcber den Ausblick, der sich von hieraus \u00fcber die gesamte Stadt ergibt. Weiter geht es zur Fischerbastei. Der Blick von hier auf das alte Parlament ist noch einmal ein St\u00fcckchen beeindruckender. Die Kids toben sich auf dem benachbarten Spielplatz aus, welcher wie eine Nachbildung der Original Fischerbastei gestaltet ist. Ein klarer Tipp f\u00fcr Familien!<\/p>\n<div style='height:10px' class='hr hr-invisible  '><span class='hr-inner ' ><span class='hr-inner-style'><\/span><\/span><\/div>\n<div id=\"attachment_8185\" style=\"width: 1034px\" class=\"wp-caption alignnone\"><img loading=\"lazy\" decoding=\"async\" aria-describedby=\"caption-attachment-8185\" class=\"wp-image-8185 size-large\" title=\"Muss man gesehen haben: Die Fischerbastei in Budapest.\" src=\"https:\/\/blog.a-rosa.de\/wp-content\/uploads\/2019\/08\/IMG_6210-1024x683.jpg\" alt=\"Muss man gesehen haben: Die Fischerbastei in Budapest.\" width=\"1024\" height=\"683\" srcset=\"https:\/\/blog.a-rosa.de\/wp-content\/uploads\/2019\/08\/IMG_6210-1024x683.jpg 1024w, https:\/\/blog.a-rosa.de\/wp-content\/uploads\/2019\/08\/IMG_6210-300x200.jpg 300w, https:\/\/blog.a-rosa.de\/wp-content\/uploads\/2019\/08\/IMG_6210-768x512.jpg 768w, https:\/\/blog.a-rosa.de\/wp-content\/uploads\/2019\/08\/IMG_6210-1500x1000.jpg 1500w, https:\/\/blog.a-rosa.de\/wp-content\/uploads\/2019\/08\/IMG_6210-705x470.jpg 705w, https:\/\/blog.a-rosa.de\/wp-content\/uploads\/2019\/08\/IMG_6210-450x300.jpg 450w\" sizes=\"(max-width: 1024px) 100vw, 1024px\" \/><p id=\"caption-attachment-8185\" class=\"wp-caption-text\">Muss man gesehen haben: Die Fischerbastei in Budapest.<\/p><\/div>\n<div class=\"flex_column av_one_half  flex_column_div first  \" ><\/div>\n<div id=\"attachment_8163\" style=\"width: 1034px\" class=\"wp-caption alignnone\"><img loading=\"lazy\" decoding=\"async\" aria-describedby=\"caption-attachment-8163\" class=\"wp-image-8163 size-large\" title=\"Ein Kind schaut auf die Donau mit dem Budapester Parlament.\" src=\"https:\/\/blog.a-rosa.de\/wp-content\/uploads\/2019\/08\/IMG_6229-1024x683.jpg\" alt=\"Ein Kind schaut auf die Donau mit dem Budapester Parlament.\" width=\"1024\" height=\"683\" srcset=\"https:\/\/blog.a-rosa.de\/wp-content\/uploads\/2019\/08\/IMG_6229-1024x683.jpg 1024w, https:\/\/blog.a-rosa.de\/wp-content\/uploads\/2019\/08\/IMG_6229-300x200.jpg 300w, https:\/\/blog.a-rosa.de\/wp-content\/uploads\/2019\/08\/IMG_6229-768x512.jpg 768w, https:\/\/blog.a-rosa.de\/wp-content\/uploads\/2019\/08\/IMG_6229-1500x1000.jpg 1500w, https:\/\/blog.a-rosa.de\/wp-content\/uploads\/2019\/08\/IMG_6229-705x470.jpg 705w, https:\/\/blog.a-rosa.de\/wp-content\/uploads\/2019\/08\/IMG_6229-450x300.jpg 450w\" sizes=\"(max-width: 1024px) 100vw, 1024px\" \/><p id=\"caption-attachment-8163\" class=\"wp-caption-text\">Ein Kind schaut auf die Donau mit dem Budapester Parlament.<\/p><\/div>\n<div class=\"flex_column av_one_half  flex_column_div   \" ><\/div>\n<p>Den Nachmittag an Bord lassen wir dann eher etwas ruhiger angehen. Wer mag, ist Teil des Kreativ-Ateliers im Kids Club und gestaltet ganz pers\u00f6nliche Reiseerinnerungen. Zur Auswahl steht das Basteln von Pop-Up-Karten oder lustigen Klammer-Tierchen. Oder doch lieber Turnbeutel bemalen? Au\u00dferdem gestalten wir mittelalterliche Urkunden und bringen darauf unsere Namen mit personalisierten Kartoffel-Stempeln.<\/p>\n<div id='av-masonry-4' class='av-masonry noHover av-flex-size av-large-gap av-hover-overlay- av-masonry-col-flexible av-caption-always av-caption-style- av-masonry-gallery     '  ><div class='av-masonry-container isotope av-js-disabled ' ><div class='av-masonry-entry isotope-item av-masonry-item-no-image '><\/div><a href=\"https:\/\/blog.a-rosa.de\/wp-content\/uploads\/2019\/08\/P1250336-1024x698.jpg\" id='av-masonry-4-item-8175' data-av-masonry-item='8175' class='av-masonry-entry isotope-item post-8175 attachment type-attachment status-inherit hentry  av-masonry-item-with-image' title=\"\"  itemprop=\"thumbnailUrl\" ><div class='av-inner-masonry-sizer'><\/div><figure class='av-inner-masonry main_color'><div class=\"av-masonry-outerimage-container\"><div class=\"av-masonry-image-container\" style=\"background-image: url(https:\/\/blog.a-rosa.de\/wp-content\/uploads\/2019\/08\/P1250336-705x481.jpg);\"><img decoding=\"async\" src=\"https:\/\/blog.a-rosa.de\/wp-content\/uploads\/2019\/08\/P1250336-705x481.jpg\" title=\"Basteln im Kids Club\" alt=\"Ein Junge und ein M\u00e4dchen beim Basteln mit einer Flasche in einem hellen Raum.\" \/><\/div><\/div><\/figure><\/a><!--end av-masonry entry--><a href=\"https:\/\/blog.a-rosa.de\/wp-content\/uploads\/2019\/08\/IMG_5318-750x1024.jpg\" id='av-masonry-4-item-8220' data-av-masonry-item='8220' class='av-masonry-entry isotope-item post-8220 attachment type-attachment status-inherit hentry  av-masonry-item-with-image' title=\"\"  itemprop=\"thumbnailUrl\" ><div class='av-inner-masonry-sizer'><\/div><figure class='av-inner-masonry main_color'><div class=\"av-masonry-outerimage-container\"><div class=\"av-masonry-image-container\" style=\"background-image: url(https:\/\/blog.a-rosa.de\/wp-content\/uploads\/2019\/08\/IMG_5318-516x705.jpg);\"><img decoding=\"async\" src=\"https:\/\/blog.a-rosa.de\/wp-content\/uploads\/2019\/08\/IMG_5318-516x705.jpg\" title=\"Interviewen der Crew\" alt=\"Handgeschriebene Interviewnotizen auf Papier mit Fragen zu Name, Alter, Lieblingsfarbe und Herkunft, daneben ein Metallbeh\u00e4lter mit bunten Stiften\" \/><\/div><\/div><\/figure><\/a><!--end av-masonry entry--><a href=\"https:\/\/blog.a-rosa.de\/wp-content\/uploads\/2019\/08\/IMG_6326-780x1024.jpg\" id='av-masonry-4-item-8219' data-av-masonry-item='8219' class='av-masonry-entry isotope-item post-8219 attachment type-attachment status-inherit hentry  av-masonry-item-with-image' title=\"\"  itemprop=\"thumbnailUrl\" ><div class='av-inner-masonry-sizer'><\/div><figure class='av-inner-masonry main_color'><div class=\"av-masonry-outerimage-container\"><div class=\"av-masonry-image-container\" style=\"background-image: url(https:\/\/blog.a-rosa.de\/wp-content\/uploads\/2019\/08\/IMG_6326-537x705.jpg);\"><img decoding=\"async\" src=\"https:\/\/blog.a-rosa.de\/wp-content\/uploads\/2019\/08\/IMG_6326-537x705.jpg\" title=\"Turnbeutel gestalten\" alt=\"Frau mit dunklem Haar, von hinten, tr\u00e4gt ein T-Shirt mit einem wei\u00dfen Stoffst\u00fcck, auf dem &#039;A-ROSA BELLA&#039; und eine Bergskizze mit Daten\" \/><\/div><\/div><\/figure><\/a><!--end av-masonry entry--><a href=\"https:\/\/blog.a-rosa.de\/wp-content\/uploads\/2019\/08\/IMG_6097-1024x714.jpg\" id='av-masonry-4-item-8218' data-av-masonry-item='8218' class='av-masonry-entry isotope-item post-8218 attachment type-attachment status-inherit hentry  av-masonry-item-with-image' title=\"Die Kinder im Kids-Club haben jede Menge Spa\u00df.\"  itemprop=\"thumbnailUrl\" ><div class='av-inner-masonry-sizer'><\/div><figure class='av-inner-masonry main_color'><div class=\"av-masonry-outerimage-container\"><div class=\"av-masonry-image-container\" style=\"background-image: url(https:\/\/blog.a-rosa.de\/wp-content\/uploads\/2019\/08\/IMG_6097-705x491.jpg);\"><img decoding=\"async\" src=\"https:\/\/blog.a-rosa.de\/wp-content\/uploads\/2019\/08\/IMG_6097-705x491.jpg\" title=\"Mittelalterliche Urkunden herstellen\" alt=\"Kind mit buntem Sonnenhut malt mit Buntstift auf Papier an einem Tisch mit gelber Tischdecke, weitere Kinder zeichnen im Hintergrund\" \/><\/div><\/div><\/figure><\/a><!--end av-masonry entry--><a href=\"https:\/\/blog.a-rosa.de\/wp-content\/uploads\/2019\/08\/IMG_5787-838x1024.jpg\" id='av-masonry-4-item-8217' data-av-masonry-item='8217' class='av-masonry-entry isotope-item post-8217 attachment type-attachment status-inherit hentry  av-masonry-item-with-image' title=\"\"  itemprop=\"thumbnailUrl\" ><div class='av-inner-masonry-sizer'><\/div><figure class='av-inner-masonry main_color'><div class=\"av-masonry-outerimage-container\"><div class=\"av-masonry-image-container\" style=\"background-image: url(https:\/\/blog.a-rosa.de\/wp-content\/uploads\/2019\/08\/IMG_5787-577x705.jpg);\"><img decoding=\"async\" src=\"https:\/\/blog.a-rosa.de\/wp-content\/uploads\/2019\/08\/IMG_5787-577x705.jpg\" title=\"Hotelmanager im Kids Club\" alt=\"Kind mit gestreiftem T-Shirt sitzt auf rotem Sessel, neben einem Mann in wei\u00dfer Uniform mit Schulterabzeichen, der etwas auf Papier schreibt\" \/><\/div><\/div><\/figure><\/a><!--end av-masonry entry--><a href=\"https:\/\/blog.a-rosa.de\/wp-content\/uploads\/2019\/08\/IMG_5069-1024x723.jpg\" id='av-masonry-4-item-8201' data-av-masonry-item='8201' class='av-masonry-entry isotope-item post-8201 attachment type-attachment status-inherit hentry  av-masonry-item-with-image' title=\"\"  itemprop=\"thumbnailUrl\" ><div class='av-inner-masonry-sizer'><\/div><figure class='av-inner-masonry main_color'><div class=\"av-masonry-outerimage-container\"><div class=\"av-masonry-image-container\" style=\"background-image: url(https:\/\/blog.a-rosa.de\/wp-content\/uploads\/2019\/08\/IMG_5069-705x498.jpg);\"><img decoding=\"async\" src=\"https:\/\/blog.a-rosa.de\/wp-content\/uploads\/2019\/08\/IMG_5069-705x498.jpg\" title=\"Pop-Up-Karten basteln\" alt=\"Kinder basteln am Tisch eine gr\u00fcne Pop-up-Karte mit gezeichneter Eule und Baum\" \/><\/div><\/div><\/figure><\/a><!--end av-masonry entry--><a href=\"https:\/\/blog.a-rosa.de\/wp-content\/uploads\/2019\/08\/IMG_5064-1024x742.jpg\" id='av-masonry-4-item-8147' data-av-masonry-item='8147' class='av-masonry-entry isotope-item post-8147 attachment type-attachment status-inherit hentry  av-masonry-item-with-image' title=\"\"  itemprop=\"thumbnailUrl\" ><div class='av-inner-masonry-sizer'><\/div><figure class='av-inner-masonry main_color'><div class=\"av-masonry-outerimage-container\"><div class=\"av-masonry-image-container\" style=\"background-image: url(https:\/\/blog.a-rosa.de\/wp-content\/uploads\/2019\/08\/IMG_5064-705x511.jpg);\"><img decoding=\"async\" src=\"https:\/\/blog.a-rosa.de\/wp-content\/uploads\/2019\/08\/IMG_5064-705x511.jpg\" title=\"Basteln im Kids Club\" alt=\"Ein Kind mit einem bunten Hut schneidet aus pinkem Papier eine Tierfigur in einem Caf\u00e9.\" \/><\/div><\/div><\/figure><\/a><!--end av-masonry entry--><a href=\"https:\/\/blog.a-rosa.de\/wp-content\/uploads\/2019\/08\/IMG_5353-e1727779714529-1024x577.jpg\" id='av-masonry-4-item-8221' data-av-masonry-item='8221' class='av-masonry-entry isotope-item post-8221 attachment type-attachment status-inherit hentry  av-masonry-item-with-image' title=\"\"  itemprop=\"thumbnailUrl\" ><div class='av-inner-masonry-sizer'><\/div><figure class='av-inner-masonry main_color'><div class=\"av-masonry-outerimage-container\"><div class=\"av-masonry-image-container\" style=\"background-image: url(https:\/\/blog.a-rosa.de\/wp-content\/uploads\/2019\/08\/IMG_5353-e1727779714529-705x397.jpg);\"><img decoding=\"async\" src=\"https:\/\/blog.a-rosa.de\/wp-content\/uploads\/2019\/08\/IMG_5353-e1727779714529-705x397.jpg\" title=\"Kids Club in Action\" alt=\"Mitarbeiter in wei\u00dfem Hemd gibt einem kleinen M\u00e4dchen im gebl\u00fcmten Kleid einen High-Five im Flur eines Geb\u00e4udes\" \/><\/div><\/div><\/figure><\/a><!--end av-masonry entry--><\/div><\/div>\n<h3><span style=\"font-weight: bold;\">Bratislava<\/span><\/h3>\n<p>Heute soll der w\u00e4rmste Tag des Jahres werden! Die Verlockung ist gro\u00df, die Innenr\u00e4ume unserer wohl klimatisierten A-ROSA BELLA gar nicht verlassen zu wollen. Doch <a href=\"https:\/\/www.a-rosa.de\/flusskreuzfahrten\/angebote\/staedtereisen\/bratislava-staedtereise.html\" target=\"_blank\" rel=\"noopener noreferrer\">Bratislava<\/a> als kleinste Hauptstadt Europas lockt ebenfalls. Um der Hitze nicht ganz so ausgesetzt zu sein, nehmen wir den Mini-Zug, welcher uns nach oben zur Pressburg bringt. Eine super Entscheidung, denn per Audioguide erfahren wir somit gleich noch ein paar spannende Infos \u00fcber Bratislava. Oben an der Burg genie\u00dfen wir den Ausblick \u00fcber die Donau und die Stadt.<\/p>\n<p>Wieder an Bord st\u00e4rken wir uns schnell beim Mittagessen, bevor wir noch einmal in die Altstadt Bratislavas aufbrechen. Diesmal allerdings ohne Kids! W\u00e4hrend die Papas mit ihren Spr\u00f6sslingen im Kids Club spielen, haben wir Frauen auch mal Zeit in aller Ruhe durch die vielen h\u00fcbschen Gesch\u00e4fte zu schlendern und ein bisschen zu shoppen \ud83d\ude42 Wir entdecken urige Bars und s\u00fc\u00dfe kleine Gesch\u00e4fte und lassen uns einfach treiben vom Puls der Stadt. Irgendwann entdecken wir eine szenige Beachbar direkt am Ufer der Donau, wo wir es uns im Sand auf Liegest\u00fchlen bequem machen.<\/p>\n<div id='av-masonry-5' class='av-masonry noHover av-flex-size av-large-gap av-hover-overlay- av-masonry-col-flexible av-caption-always av-caption-style- av-masonry-gallery     '  ><div class='av-masonry-container isotope av-js-disabled ' ><div class='av-masonry-entry isotope-item av-masonry-item-no-image '><\/div><a href=\"https:\/\/blog.a-rosa.de\/wp-content\/uploads\/2019\/08\/IMG_6525-1024x730.jpg\" id='av-masonry-5-item-8226' data-av-masonry-item='8226' class='av-masonry-entry isotope-item post-8226 attachment type-attachment status-inherit hentry  av-masonry-item-with-image' title=\"\"  itemprop=\"thumbnailUrl\" ><div class='av-inner-masonry-sizer'><\/div><figure class='av-inner-masonry main_color'><div class=\"av-masonry-outerimage-container\"><div class=\"av-masonry-image-container\" style=\"background-image: url(https:\/\/blog.a-rosa.de\/wp-content\/uploads\/2019\/08\/IMG_6525-705x503.jpg);\"><img decoding=\"async\" src=\"https:\/\/blog.a-rosa.de\/wp-content\/uploads\/2019\/08\/IMG_6525-705x503.jpg\" title=\"Die Burg von Bratislava\" alt=\"Bratislavaer Burg auf einem bewaldeten H\u00fcgel \u00fcber der Donau, gesehen von einem Schiff mit wei\u00dfem Gel\u00e4nder\" \/><\/div><\/div><\/figure><\/a><!--end av-masonry entry--><a href=\"https:\/\/blog.a-rosa.de\/wp-content\/uploads\/2019\/08\/IMG_6435-1024x732.jpg\" id='av-masonry-5-item-8223' data-av-masonry-item='8223' class='av-masonry-entry isotope-item post-8223 attachment type-attachment status-inherit hentry  av-masonry-item-with-image' title=\"\"  itemprop=\"thumbnailUrl\" ><div class='av-inner-masonry-sizer'><\/div><figure class='av-inner-masonry main_color'><div class=\"av-masonry-outerimage-container\"><div class=\"av-masonry-image-container\" style=\"background-image: url(https:\/\/blog.a-rosa.de\/wp-content\/uploads\/2019\/08\/IMG_6435-705x504.jpg);\"><img decoding=\"async\" src=\"https:\/\/blog.a-rosa.de\/wp-content\/uploads\/2019\/08\/IMG_6435-705x504.jpg\" title=\"Mit dem Mini-Zug zur Pressburg\" alt=\"Kleiner touristischer Zug in Wei\u00df und Gold f\u00e4hrt auf einer Stra\u00dfe vor einem modernen Geb\u00e4ude\" \/><\/div><\/div><\/figure><\/a><!--end av-masonry entry--><a href=\"https:\/\/blog.a-rosa.de\/wp-content\/uploads\/2019\/08\/IMG_6444-1024x683.jpg\" id='av-masonry-5-item-8166' data-av-masonry-item='8166' class='av-masonry-entry isotope-item post-8166 attachment type-attachment status-inherit hentry  av-masonry-item-with-image' title=\"\"  itemprop=\"thumbnailUrl\" ><div class='av-inner-masonry-sizer'><\/div><figure class='av-inner-masonry main_color'><div class=\"av-masonry-outerimage-container\"><div class=\"av-masonry-image-container\" style=\"background-image: url(https:\/\/blog.a-rosa.de\/wp-content\/uploads\/2019\/08\/IMG_6444-705x470.jpg);\"><img decoding=\"async\" src=\"https:\/\/blog.a-rosa.de\/wp-content\/uploads\/2019\/08\/IMG_6444-705x470.jpg\" title=\"Pressburg von Bratislava\" alt=\"Bratislavaer Burg mit wei\u00dfen T\u00fcrmen und rotem Dach, umgeben von blauem Himmel und B\u00e4umen.\" \/><\/div><\/div><\/figure><\/a><!--end av-masonry entry--><a href=\"https:\/\/blog.a-rosa.de\/wp-content\/uploads\/2019\/08\/IMG_6491-1024x848.jpg\" id='av-masonry-5-item-8167' data-av-masonry-item='8167' class='av-masonry-entry isotope-item post-8167 attachment type-attachment status-inherit hentry  av-masonry-item-with-image' title=\"\"  itemprop=\"thumbnailUrl\" ><div class='av-inner-masonry-sizer'><\/div><figure class='av-inner-masonry main_color'><div class=\"av-masonry-outerimage-container\"><div class=\"av-masonry-image-container\" style=\"background-image: url(https:\/\/blog.a-rosa.de\/wp-content\/uploads\/2019\/08\/IMG_6491-705x584.jpg);\"><img decoding=\"async\" src=\"https:\/\/blog.a-rosa.de\/wp-content\/uploads\/2019\/08\/IMG_6491-705x584.jpg\" title=\"Altstadt von Bratislava\" alt=\"Blick auf die belebte Stra\u00dfe in der Altstadt mit Caf\u00e9s, Gesch\u00e4ften und dem historischen Michaelsdorf-Turm.\" \/><\/div><\/div><\/figure><\/a><!--end av-masonry entry--><a href=\"https:\/\/blog.a-rosa.de\/wp-content\/uploads\/2019\/08\/IMG_6468-1024x675.jpg\" id='av-masonry-5-item-8224' data-av-masonry-item='8224' class='av-masonry-entry isotope-item post-8224 attachment type-attachment status-inherit hentry  av-masonry-item-with-image' title=\"\"  itemprop=\"thumbnailUrl\" ><div class='av-inner-masonry-sizer'><\/div><figure class='av-inner-masonry main_color'><div class=\"av-masonry-outerimage-container\"><div class=\"av-masonry-image-container\" style=\"background-image: url(https:\/\/blog.a-rosa.de\/wp-content\/uploads\/2019\/08\/IMG_6468-705x464.jpg);\"><img decoding=\"async\" src=\"https:\/\/blog.a-rosa.de\/wp-content\/uploads\/2019\/08\/IMG_6468-705x464.jpg\" title=\"&#8222;Man at work&#8220;\" alt=\"Bronzefigur eines Mannes, der aus einem Kanaldeckel auf einem Gehweg herausblickt und die Arme auf den Rand legt\" \/><\/div><\/div><\/figure><\/a><!--end av-masonry entry--><a href=\"https:\/\/blog.a-rosa.de\/wp-content\/uploads\/2019\/08\/IMG_6500-661x1024.jpg\" id='av-masonry-5-item-8225' data-av-masonry-item='8225' class='av-masonry-entry isotope-item post-8225 attachment type-attachment status-inherit hentry  av-masonry-item-with-image' title=\"\"  itemprop=\"thumbnailUrl\" ><div class='av-inner-masonry-sizer'><\/div><figure class='av-inner-masonry main_color'><div class=\"av-masonry-outerimage-container\"><div class=\"av-masonry-image-container\" style=\"background-image: url(https:\/\/blog.a-rosa.de\/wp-content\/uploads\/2019\/08\/IMG_6500-455x705.jpg);\"><img decoding=\"async\" src=\"https:\/\/blog.a-rosa.de\/wp-content\/uploads\/2019\/08\/IMG_6500-455x705.jpg\" title=\"In der Altstadt von Bratislava\" alt=\"Historisches Geb\u00e4ude mit gelber Fassade und Turm mit Uhr und gr\u00fcnem Dach, davor Statue auf S\u00e4ule und schmiedeeisernem Gel\u00e4nder\" \/><\/div><\/div><\/figure><\/a><!--end av-masonry entry--><a href=\"https:\/\/blog.a-rosa.de\/wp-content\/uploads\/2019\/08\/IMG_6505-1024x684.jpg\" id='av-masonry-5-item-8168' data-av-masonry-item='8168' class='av-masonry-entry isotope-item post-8168 attachment type-attachment status-inherit hentry  av-masonry-item-with-image' title=\"\"  itemprop=\"thumbnailUrl\" ><div class='av-inner-masonry-sizer'><\/div><figure class='av-inner-masonry main_color'><div class=\"av-masonry-outerimage-container\"><div class=\"av-masonry-image-container\" style=\"background-image: url(https:\/\/blog.a-rosa.de\/wp-content\/uploads\/2019\/08\/IMG_6505-705x471.jpg);\"><img decoding=\"async\" src=\"https:\/\/blog.a-rosa.de\/wp-content\/uploads\/2019\/08\/IMG_6505-705x471.jpg\" title=\"In einer Beachbar in Bratislava\" alt=\"Drei erfrischende Cocktails in sonnigen Farben und ein schickes Sonnenhut auf Sandstrand.\" \/><\/div><\/div><\/figure><\/a><!--end av-masonry entry--><\/div><\/div>\n<p>Mit vollen Einkaufst\u00fcten und dem ein oder anderen neuen Kleid kehren wir schlie\u00dflich auf unsere A-ROSA BELLA zur\u00fcck, wo wir in Familie vereint bei der Auslaufparty feiern. Die Offiziere shaken fruchtige Cocktails, aus den Lautsprechern ert\u00f6nen hei\u00dfe Latino-Rhythmen und die Sonne steht tief am Horizont. Der Spruch &#8222;SCH\u00d6NE ZEIT&#8220; k\u00f6nnte gerade nicht passender sein!<\/p>\n<div id=\"attachment_8169\" style=\"width: 1034px\" class=\"wp-caption alignnone\"><img loading=\"lazy\" decoding=\"async\" aria-describedby=\"caption-attachment-8169\" class=\"wp-image-8169 size-large\" title=\"Die immer gutgelaunte und hilfsbereite Crew der A-ROSA BELLA.\" src=\"https:\/\/blog.a-rosa.de\/wp-content\/uploads\/2019\/08\/IMG_6533-1024x650.jpg\" alt=\"Die immer gutgelaunte und hilfsbereite Crew der A-ROSA BELLA.\" width=\"1024\" height=\"650\" srcset=\"https:\/\/blog.a-rosa.de\/wp-content\/uploads\/2019\/08\/IMG_6533-1024x650.jpg 1024w, https:\/\/blog.a-rosa.de\/wp-content\/uploads\/2019\/08\/IMG_6533-300x190.jpg 300w, https:\/\/blog.a-rosa.de\/wp-content\/uploads\/2019\/08\/IMG_6533-768x487.jpg 768w, https:\/\/blog.a-rosa.de\/wp-content\/uploads\/2019\/08\/IMG_6533-1500x952.jpg 1500w, https:\/\/blog.a-rosa.de\/wp-content\/uploads\/2019\/08\/IMG_6533-705x447.jpg 705w, https:\/\/blog.a-rosa.de\/wp-content\/uploads\/2019\/08\/IMG_6533-450x285.jpg 450w\" sizes=\"(max-width: 1024px) 100vw, 1024px\" \/><p id=\"caption-attachment-8169\" class=\"wp-caption-text\">Die immer gutgelaunte und hilfsbereite Crew der A-ROSA BELLA.<\/p><\/div>\n<h3><span style=\"font-weight: bold;\">Wachau und Melk<\/span><\/h3>\n<p>Kaum zu glauben, dass heute wirklich schon der letzte Tag unserer Reise ist. Ein bisschen wehm\u00fctig werde ich schon, als ich beim Fr\u00fchst\u00fcck sitze, die beeindruckende Landschaft der Wachau an uns vorbeizieht und irgendwie gerade alles so perfekt ist.<\/p>\n<p>Gegen Mittag erreichen wir Melk, wo wir einen Spaziergang zum Stift Melk unternehmen. Das Kloster ist schon von Au\u00dfen wundersch\u00f6n, die Innenr\u00e4ume \u00fcbertreffen jedoch noch einmal alles! Kleiner Tipp: Um Punkt 12:00 Uhr findet in der Kapelle eine Andacht statt, welcher man als Besucher kostenfrei beiwohnen kann. Es spielt au\u00dferdem live Orgelmusik, welche bei uns allen wahrhaftig f\u00fcr G\u00e4nsehaut gesorgt hat. Ich w\u00fcrde behaupten, schon viele sehr sch\u00f6ne Kirchen besichtigt zu haben. Aber dieses Erlebnis \u00fcbertrifft f\u00fcr mich pers\u00f6nlich alles bisher Gesehene. Wer es nicht selbst gesehen hat, wird das vielleicht nur schwer nachvollziehen k\u00f6nnen. Aber alle, die schon einmal in diesem alten Kloster waren und die Stimmung selbst in sich aufsaugen konnten, werden mir wahrscheinlich beipflichten.<\/p>\n<p>Noch ganz benebelt von dem Erlebten schlendern wir durch die Stadt zur\u00fcck zum Schiff. Wir probieren noch einmal original \u00f6sterreichische Schaumwaffeln, freuen uns aber auch schon auf den gleich anstehenden Nachmittagssnack an Bord.<\/p>\n<div id='av-masonry-6' class='av-masonry noHover av-flex-size av-large-gap av-hover-overlay- av-masonry-col-flexible av-caption-always av-caption-style- av-masonry-gallery     '  ><div class='av-masonry-container isotope av-js-disabled ' ><div class='av-masonry-entry isotope-item av-masonry-item-no-image '><\/div><a href=\"https:\/\/blog.a-rosa.de\/wp-content\/uploads\/2019\/08\/IMG_6670-1024x683.jpg\" id='av-masonry-6-item-8171' data-av-masonry-item='8171' class='av-masonry-entry isotope-item post-8171 attachment type-attachment status-inherit hentry  av-masonry-item-with-image' title=\"\"  itemprop=\"thumbnailUrl\" ><div class='av-inner-masonry-sizer'><\/div><figure class='av-inner-masonry main_color'><div class=\"av-masonry-outerimage-container\"><div class=\"av-masonry-image-container\" style=\"background-image: url(https:\/\/blog.a-rosa.de\/wp-content\/uploads\/2019\/08\/IMG_6670-705x470.jpg);\"><img decoding=\"async\" src=\"https:\/\/blog.a-rosa.de\/wp-content\/uploads\/2019\/08\/IMG_6670-705x470.jpg\" title=\"Stift Melk\" alt=\"L\u00e4chelndes M\u00e4dchen mit Sonnenbrille und Hut vor einem Brunnen in einem historischen Schlossgarten.\" \/><\/div><\/div><\/figure><\/a><!--end av-masonry entry--><a href=\"https:\/\/blog.a-rosa.de\/wp-content\/uploads\/2019\/08\/IMG_6694-1024x668.jpg\" id='av-masonry-6-item-8187' data-av-masonry-item='8187' class='av-masonry-entry isotope-item post-8187 attachment type-attachment status-inherit hentry  av-masonry-item-with-image' title=\"\"  itemprop=\"thumbnailUrl\" ><div class='av-inner-masonry-sizer'><\/div><figure class='av-inner-masonry main_color'><div class=\"av-masonry-outerimage-container\"><div class=\"av-masonry-image-container\" style=\"background-image: url(https:\/\/blog.a-rosa.de\/wp-content\/uploads\/2019\/08\/IMG_6694-705x460.jpg);\"><img decoding=\"async\" src=\"https:\/\/blog.a-rosa.de\/wp-content\/uploads\/2019\/08\/IMG_6694-705x460.jpg\" title=\"In der Altstadt von Melk\" alt=\"Historische Geb\u00e4ude in der Altstadt mit einem Caf\u00e9 und Restaurant, barocke Architektur mit T\u00fcrmen und Kuppel im Hintergrund\" \/><\/div><\/div><\/figure><\/a><!--end av-masonry entry--><a href=\"https:\/\/blog.a-rosa.de\/wp-content\/uploads\/2019\/08\/IMG_6689-1024x711.jpg\" id='av-masonry-6-item-8189' data-av-masonry-item='8189' class='av-masonry-entry isotope-item post-8189 attachment type-attachment status-inherit hentry  av-masonry-item-with-image' title=\"\"  itemprop=\"thumbnailUrl\" ><div class='av-inner-masonry-sizer'><\/div><figure class='av-inner-masonry main_color'><div class=\"av-masonry-outerimage-container\"><div class=\"av-masonry-image-container\" style=\"background-image: url(https:\/\/blog.a-rosa.de\/wp-content\/uploads\/2019\/08\/IMG_6689-705x489.jpg);\"><img decoding=\"async\" src=\"https:\/\/blog.a-rosa.de\/wp-content\/uploads\/2019\/08\/IMG_6689-705x489.jpg\" title=\"\u00d6sterreichische Schaumwaffeln\" alt=\"Bl\u00e4tterteigrolle mit wei\u00dfer Sahnef\u00fcllung auf einem wei\u00dfen Papier in einer B\u00e4ckerei\" \/><\/div><\/div><\/figure><\/a><!--end av-masonry entry--><\/div><\/div>\n<p>Um 15:00 Uhr d\u00fcrfen wir und der Kids Club n\u00e4mlich nach unten in die Bordk\u00fcche, wo wir selber Pizzabacken k\u00f6nnen! Der Chefkoch, Hotelmanager, Ma\u00eetre und Kinderbetreuerin helfen beim Belegen der leckeren Pizzen. Was f\u00fcr ein Erlebnis, genau dort zu kochen, wo sonst nur die Profis arbeiten! Wobei\u2026 dank echter Kochm\u00fctzen sind unsere kleinen K\u00fcchenhelfer kaum von den Gro\u00dfen zu unterscheiden \ud83d\ude09 Ein Highlight zum Abschluss dieser unvergesslichen Familienreise!<\/p>\n<div id=\"attachment_8172\" style=\"width: 1034px\" class=\"wp-caption alignnone\"><img loading=\"lazy\" decoding=\"async\" aria-describedby=\"caption-attachment-8172\" class=\"wp-image-8172 size-large\" title=\"Die kleinen Kreuzfahrer haben Spa\u00df: Backe, backe Pizza! \" src=\"https:\/\/blog.a-rosa.de\/wp-content\/uploads\/2019\/08\/IMG_6751-1024x638.jpg\" alt=\"Die kleinen Kreuzfahrer haben Spa\u00df: Backe, backe Pizza! \" width=\"1024\" height=\"638\" srcset=\"https:\/\/blog.a-rosa.de\/wp-content\/uploads\/2019\/08\/IMG_6751-1024x638.jpg 1024w, https:\/\/blog.a-rosa.de\/wp-content\/uploads\/2019\/08\/IMG_6751-300x187.jpg 300w, https:\/\/blog.a-rosa.de\/wp-content\/uploads\/2019\/08\/IMG_6751-768x478.jpg 768w, https:\/\/blog.a-rosa.de\/wp-content\/uploads\/2019\/08\/IMG_6751-1500x934.jpg 1500w, https:\/\/blog.a-rosa.de\/wp-content\/uploads\/2019\/08\/IMG_6751-705x439.jpg 705w, https:\/\/blog.a-rosa.de\/wp-content\/uploads\/2019\/08\/IMG_6751-450x280.jpg 450w\" sizes=\"(max-width: 1024px) 100vw, 1024px\" \/><p id=\"caption-attachment-8172\" class=\"wp-caption-text\">Die kleinen Kreuzfahrer haben Spa\u00df: Backe, backe Pizza!<\/p><\/div>\n<div class=\"flex_column av_one_half  flex_column_div first  \" ><\/div>\n<div id=\"attachment_8188\" style=\"width: 1034px\" class=\"wp-caption alignnone\"><img loading=\"lazy\" decoding=\"async\" aria-describedby=\"caption-attachment-8188\" class=\"wp-image-8188 size-large\" title=\"Eine selbstgemachte Pizza schmeckt es mindestens gleich doppelt so gut.\" src=\"https:\/\/blog.a-rosa.de\/wp-content\/uploads\/2019\/08\/IMG_6793-1024x683.jpg\" alt=\"Eine selbstgemachte Pizza schmeckt es mindestens gleich doppelt so gut.\" width=\"1024\" height=\"683\" srcset=\"https:\/\/blog.a-rosa.de\/wp-content\/uploads\/2019\/08\/IMG_6793-1024x683.jpg 1024w, https:\/\/blog.a-rosa.de\/wp-content\/uploads\/2019\/08\/IMG_6793-300x200.jpg 300w, https:\/\/blog.a-rosa.de\/wp-content\/uploads\/2019\/08\/IMG_6793-768x512.jpg 768w, https:\/\/blog.a-rosa.de\/wp-content\/uploads\/2019\/08\/IMG_6793-1500x1000.jpg 1500w, https:\/\/blog.a-rosa.de\/wp-content\/uploads\/2019\/08\/IMG_6793-705x470.jpg 705w, https:\/\/blog.a-rosa.de\/wp-content\/uploads\/2019\/08\/IMG_6793-450x300.jpg 450w\" sizes=\"(max-width: 1024px) 100vw, 1024px\" \/><p id=\"caption-attachment-8188\" class=\"wp-caption-text\">Eine selbstgemachte Pizza schmeckt es mindestens gleich doppelt so gut.<\/p><\/div>\n<h2 style=\"text-align: left;\">Fazit &#8211; Wenn das Schiff zum Abenteuerspielplatz wird!<\/h2>\n<div class=\"flex_column av_one_half  flex_column_div   \" ><\/div>\n<p>Mein Fazit zu unserer Familienreise mit A-ROSA BELLA ist ziemlich eindeutig: Ein A-ROSA Schiff ist der perfekte Ort, um mit Kindern die Welt zu entdecken! Die Kids sind fasziniert vom &#8222;Abenteuer Schifffahrt&#8220;. Egal ob meterhohe Schleusen, spannende Anlegeman\u00f6ver oder nur das Beobachten der vorbeiziehenden Schiffe w\u00e4hrend der Fahrt &#8211; es gibt immer etwas Neues zu entdecken. Die vielen unterschiedlichen Aktivit\u00e4ten an Bord sorgen daf\u00fcr, dass sich die kleinen G\u00e4ste schnell gegenseitig kennenlernen und neue Freunde finden. Das schafft Freiraum f\u00fcr die Eltern, welche dadurch in aller Ruhe auch mal die Seele baumeln lassen k\u00f6nnen.<\/p>\n<p>Dank der zentralen Liegepl\u00e4tze der Schiffe k\u00f6nnen Eltern mit kleineren Kindern jederzeit schnell und unkompliziert an Bord, um dort zum Beispiel eine kurze Pause zum Mittagessen und Schlafen einzulegen. Danach geht es dann frisch erholt einfach weiter mit dem Erkunden an Land. Dadurch entsteht eine Flexibilit\u00e4t, welche sowohl Eltern als auch Kindern gut tut.<\/p>\n<p>&nbsp;<\/p>\n<div id=\"attachment_8165\" style=\"width: 1034px\" class=\"wp-caption alignnone\"><img loading=\"lazy\" decoding=\"async\" aria-describedby=\"caption-attachment-8165\" class=\"wp-image-8165 size-large\" title=\"Ein toller Sonnenuntergang auf dem Sonnendeck der A-ROSA BELLA.\" src=\"https:\/\/blog.a-rosa.de\/wp-content\/uploads\/2019\/08\/IMG_6374-1024x698.jpg\" alt=\"Ein toller Sonnenuntergang auf dem Sonnendeck der A-ROSA BELLA.\" width=\"1024\" height=\"698\" srcset=\"https:\/\/blog.a-rosa.de\/wp-content\/uploads\/2019\/08\/IMG_6374-1024x698.jpg 1024w, https:\/\/blog.a-rosa.de\/wp-content\/uploads\/2019\/08\/IMG_6374-300x204.jpg 300w, https:\/\/blog.a-rosa.de\/wp-content\/uploads\/2019\/08\/IMG_6374-768x523.jpg 768w, https:\/\/blog.a-rosa.de\/wp-content\/uploads\/2019\/08\/IMG_6374-1500x1022.jpg 1500w, https:\/\/blog.a-rosa.de\/wp-content\/uploads\/2019\/08\/IMG_6374-705x480.jpg 705w, https:\/\/blog.a-rosa.de\/wp-content\/uploads\/2019\/08\/IMG_6374-450x307.jpg 450w\" sizes=\"(max-width: 1024px) 100vw, 1024px\" \/><p id=\"caption-attachment-8165\" class=\"wp-caption-text\">Ein toller Sonnenuntergang auf dem Sonnendeck der A-ROSA BELLA.<\/p><\/div>\n<p>Na, konnte ich euch mir diesem Beitrag davon \u00fcberzeugen, dass ein Urlaub auf A-ROSA ein Abenteuer f\u00fcr die ganze Familie ist? Dann schaut euch doch am besten noch ein wenig auf der A-ROSA Website um &#8211; es gibt sogar noch wenige freie Kabinen f\u00fcr die beliebten <a href=\"https:\/\/www.a-rosa.de\/flusskreuzfahrten\/schoene-zeit\/familienreisen.html\" target=\"_blank\" rel=\"noopener noreferrer\">Familienreisen<\/a>! Vielleicht sehen wir uns ja schon bald an Bord \ud83d\ude42<\/p>\n<p>Eure River Cruise Bloggerin<\/p>\n<p><img loading=\"lazy\" decoding=\"async\" class=\"alignnone wp-image-2161\" src=\"https:\/\/blog.a-rosa.de\/wp-content\/uploads\/2017\/10\/signatur_anna-maria_600px-300x113.jpg\" alt=\"\" width=\"210\" height=\"79\" srcset=\"https:\/\/blog.a-rosa.de\/wp-content\/uploads\/2017\/10\/signatur_anna-maria_600px-300x113.jpg 300w, https:\/\/blog.a-rosa.de\/wp-content\/uploads\/2017\/10\/signatur_anna-maria_600px-450x170.jpg 450w, https:\/\/blog.a-rosa.de\/wp-content\/uploads\/2017\/10\/signatur_anna-maria_600px.jpg 600w\" sizes=\"(max-width: 210px) 100vw, 210px\" \/><\/p>\n","protected":false},"excerpt":{"rendered":"<p>Unsere River Cruise Bloggerin Anna-Maria berichtet \u00fcber Ihre Erfahrungen auf einer Familienreise mit der A-ROSA BELLA auf der Donau. Seid gespannt, was sie euch zu berichten hat&#8230;<\/p>\n","protected":false},"author":8,"featured_media":8164,"comment_status":"open","ping_status":"open","sticky":false,"template":"","format":"standard","meta":{"footnotes":""},"categories":[1,17,46],"tags":[],"yoast_head":"<!-- This site is optimized with the Yoast SEO plugin v24.5 - https:\/\/yoast.com\/wordpress\/plugins\/seo\/ -->\n<title>Mit A-ROSA BELLA auf FAMILIENREISE - Donau Klassiker - A-ROSA Blog<\/title>\n<meta name=\"robots\" content=\"index, follow, max-snippet:-1, max-image-preview:large, max-video-preview:-1\" \/>\n<link rel=\"canonical\" href=\"https:\/\/blog.a-rosa.de\/kreuzfahrt-blog\/river-cruise-blogger\/mit-a-rosa-bella-auf-familienreise-donau-klassiker\/\" \/>\n<meta property=\"og:locale\" content=\"de_DE\" \/>\n<meta property=\"og:type\" content=\"article\" \/>\n<meta property=\"og:title\" content=\"Mit A-ROSA BELLA auf FAMILIENREISE - Donau Klassiker - A-ROSA Blog\" \/>\n<meta property=\"og:description\" content=\"Unsere River Cruise Bloggerin Anna-Maria berichtet \u00fcber Ihre Erfahrungen auf einer Familienreise mit der A-ROSA BELLA auf der Donau. Seid gespannt, was sie euch zu berichten hat&#8230;\" \/>\n<meta property=\"og:url\" content=\"https:\/\/blog.a-rosa.de\/kreuzfahrt-blog\/river-cruise-blogger\/mit-a-rosa-bella-auf-familienreise-donau-klassiker\/\" \/>\n<meta property=\"og:site_name\" content=\"A-ROSA Blog\" \/>\n<meta property=\"article:publisher\" content=\"https:\/\/www.facebook.com\/AROSAKreuzfahrten\/\" \/>\n<meta property=\"article:published_time\" content=\"2019-08-15T16:58:03+00:00\" \/>\n<meta property=\"article:modified_time\" content=\"2025-07-17T15:13:05+00:00\" \/>\n<meta property=\"og:image\" content=\"https:\/\/blog.a-rosa.de\/wp-content\/uploads\/2019\/08\/IMG_6262-e1737545875795.jpg\" \/>\n\t<meta property=\"og:image:width\" content=\"3751\" \/>\n\t<meta property=\"og:image:height\" content=\"2501\" \/>\n\t<meta property=\"og:image:type\" content=\"image\/jpeg\" \/>\n<meta name=\"author\" content=\"Anna-Maria Hickmann\" \/>\n<meta name=\"twitter:card\" content=\"summary_large_image\" \/>\n<meta name=\"twitter:creator\" content=\"@arosacruises\" \/>\n<meta name=\"twitter:site\" content=\"@arosacruises\" \/>\n<meta name=\"twitter:label1\" content=\"Verfasst von\" \/>\n\t<meta name=\"twitter:data1\" content=\"Anna-Maria Hickmann\" \/>\n\t<meta name=\"twitter:label2\" content=\"Gesch\u00e4tzte Lesezeit\" \/>\n\t<meta name=\"twitter:data2\" content=\"19\u00a0Minuten\" \/>\n<script type=\"application\/ld+json\" class=\"yoast-schema-graph\">{\"@context\":\"https:\/\/schema.org\",\"@graph\":[{\"@type\":\"Article\",\"@id\":\"https:\/\/blog.a-rosa.de\/kreuzfahrt-blog\/river-cruise-blogger\/mit-a-rosa-bella-auf-familienreise-donau-klassiker\/#article\",\"isPartOf\":{\"@id\":\"https:\/\/blog.a-rosa.de\/kreuzfahrt-blog\/river-cruise-blogger\/mit-a-rosa-bella-auf-familienreise-donau-klassiker\/\"},\"author\":{\"name\":\"Anna-Maria Hickmann\",\"@id\":\"https:\/\/blog.a-rosa.de\/kreuzfahrt-blog\/#\/schema\/person\/4d82081f9892f1227076070c8bbc1744\"},\"headline\":\"Mit A-ROSA BELLA auf FAMILIENREISE &#8211; Donau Klassiker\",\"datePublished\":\"2019-08-15T16:58:03+00:00\",\"dateModified\":\"2025-07-17T15:13:05+00:00\",\"mainEntityOfPage\":{\"@id\":\"https:\/\/blog.a-rosa.de\/kreuzfahrt-blog\/river-cruise-blogger\/mit-a-rosa-bella-auf-familienreise-donau-klassiker\/\"},\"wordCount\":3223,\"commentCount\":1,\"publisher\":{\"@id\":\"https:\/\/blog.a-rosa.de\/kreuzfahrt-blog\/#organization\"},\"image\":{\"@id\":\"https:\/\/blog.a-rosa.de\/kreuzfahrt-blog\/river-cruise-blogger\/mit-a-rosa-bella-auf-familienreise-donau-klassiker\/#primaryimage\"},\"thumbnailUrl\":\"https:\/\/blog.a-rosa.de\/wp-content\/uploads\/2019\/08\/IMG_6262-e1737545875795.jpg\",\"articleSection\":[\"A-ROSA pers\u00f6nlich\",\"Reiseberichte\",\"River Cruise Blogger\"],\"inLanguage\":\"de\",\"potentialAction\":[{\"@type\":\"CommentAction\",\"name\":\"Comment\",\"target\":[\"https:\/\/blog.a-rosa.de\/kreuzfahrt-blog\/river-cruise-blogger\/mit-a-rosa-bella-auf-familienreise-donau-klassiker\/#respond\"]}]},{\"@type\":\"WebPage\",\"@id\":\"https:\/\/blog.a-rosa.de\/kreuzfahrt-blog\/river-cruise-blogger\/mit-a-rosa-bella-auf-familienreise-donau-klassiker\/\",\"url\":\"https:\/\/blog.a-rosa.de\/kreuzfahrt-blog\/river-cruise-blogger\/mit-a-rosa-bella-auf-familienreise-donau-klassiker\/\",\"name\":\"Mit A-ROSA BELLA auf FAMILIENREISE - Donau Klassiker - A-ROSA Blog\",\"isPartOf\":{\"@id\":\"https:\/\/blog.a-rosa.de\/kreuzfahrt-blog\/#website\"},\"primaryImageOfPage\":{\"@id\":\"https:\/\/blog.a-rosa.de\/kreuzfahrt-blog\/river-cruise-blogger\/mit-a-rosa-bella-auf-familienreise-donau-klassiker\/#primaryimage\"},\"image\":{\"@id\":\"https:\/\/blog.a-rosa.de\/kreuzfahrt-blog\/river-cruise-blogger\/mit-a-rosa-bella-auf-familienreise-donau-klassiker\/#primaryimage\"},\"thumbnailUrl\":\"https:\/\/blog.a-rosa.de\/wp-content\/uploads\/2019\/08\/IMG_6262-e1737545875795.jpg\",\"datePublished\":\"2019-08-15T16:58:03+00:00\",\"dateModified\":\"2025-07-17T15:13:05+00:00\",\"breadcrumb\":{\"@id\":\"https:\/\/blog.a-rosa.de\/kreuzfahrt-blog\/river-cruise-blogger\/mit-a-rosa-bella-auf-familienreise-donau-klassiker\/#breadcrumb\"},\"inLanguage\":\"de\",\"potentialAction\":[{\"@type\":\"ReadAction\",\"target\":[\"https:\/\/blog.a-rosa.de\/kreuzfahrt-blog\/river-cruise-blogger\/mit-a-rosa-bella-auf-familienreise-donau-klassiker\/\"]}]},{\"@type\":\"ImageObject\",\"inLanguage\":\"de\",\"@id\":\"https:\/\/blog.a-rosa.de\/kreuzfahrt-blog\/river-cruise-blogger\/mit-a-rosa-bella-auf-familienreise-donau-klassiker\/#primaryimage\",\"url\":\"https:\/\/blog.a-rosa.de\/wp-content\/uploads\/2019\/08\/IMG_6262-e1737545875795.jpg\",\"contentUrl\":\"https:\/\/blog.a-rosa.de\/wp-content\/uploads\/2019\/08\/IMG_6262-e1737545875795.jpg\",\"width\":3751,\"height\":2501,\"caption\":\"Panorama der ungarischen Nationalversammlung in Budapest mit einem Flusskreuzfahrtschiff im Vordergrund.\"},{\"@type\":\"BreadcrumbList\",\"@id\":\"https:\/\/blog.a-rosa.de\/kreuzfahrt-blog\/river-cruise-blogger\/mit-a-rosa-bella-auf-familienreise-donau-klassiker\/#breadcrumb\",\"itemListElement\":[{\"@type\":\"ListItem\",\"position\":1,\"name\":\"Startseite\",\"item\":\"https:\/\/blog.a-rosa.de\/kreuzfahrt-blog\/home\/\"},{\"@type\":\"ListItem\",\"position\":2,\"name\":\"Mit A-ROSA BELLA auf FAMILIENREISE &#8211; Donau Klassiker\"}]},{\"@type\":\"WebSite\",\"@id\":\"https:\/\/blog.a-rosa.de\/kreuzfahrt-blog\/#website\",\"url\":\"https:\/\/blog.a-rosa.de\/kreuzfahrt-blog\/\",\"name\":\"A-ROSA Blog\",\"description\":\"Flusskreuzfahrten hautnah erleben\",\"publisher\":{\"@id\":\"https:\/\/blog.a-rosa.de\/kreuzfahrt-blog\/#organization\"},\"potentialAction\":[{\"@type\":\"SearchAction\",\"target\":{\"@type\":\"EntryPoint\",\"urlTemplate\":\"https:\/\/blog.a-rosa.de\/kreuzfahrt-blog\/?s={search_term_string}\"},\"query-input\":{\"@type\":\"PropertyValueSpecification\",\"valueRequired\":true,\"valueName\":\"search_term_string\"}}],\"inLanguage\":\"de\"},{\"@type\":\"Organization\",\"@id\":\"https:\/\/blog.a-rosa.de\/kreuzfahrt-blog\/#organization\",\"name\":\"A-ROSA Flusschiff GmbH\",\"url\":\"https:\/\/blog.a-rosa.de\/kreuzfahrt-blog\/\",\"logo\":{\"@type\":\"ImageObject\",\"inLanguage\":\"de\",\"@id\":\"https:\/\/blog.a-rosa.de\/kreuzfahrt-blog\/#\/schema\/logo\/image\/\",\"url\":\"https:\/\/blog.a-rosa.de\/wp-content\/uploads\/2017\/06\/logo.png\",\"contentUrl\":\"https:\/\/blog.a-rosa.de\/wp-content\/uploads\/2017\/06\/logo.png\",\"width\":600,\"height\":200,\"caption\":\"A-ROSA Flusschiff GmbH\"},\"image\":{\"@id\":\"https:\/\/blog.a-rosa.de\/kreuzfahrt-blog\/#\/schema\/logo\/image\/\"},\"sameAs\":[\"https:\/\/www.facebook.com\/AROSAKreuzfahrten\/\",\"https:\/\/x.com\/arosacruises\",\"https:\/\/instagram.com\/arosacruises\",\"https:\/\/www.pinterest.de\/arosakreuzfahrten\/\",\"https:\/\/www.youtube.com\/user\/ArosaCrew\"]},{\"@type\":\"Person\",\"@id\":\"https:\/\/blog.a-rosa.de\/kreuzfahrt-blog\/#\/schema\/person\/4d82081f9892f1227076070c8bbc1744\",\"name\":\"Anna-Maria Hickmann\",\"description\":\"Als allererste River Cruise Bloggerin erkunde ich zusammen mit A-ROSA die Fl\u00fcsse Europas! 10 Wochen lang reise ich per Schiff zu einzigartigen Destination, stets mit der Kamera auf Anschlag, um f\u00fcr euch die sch\u00f6nsten Orte, die ganz besonderen Momente einzufangen. Und wer ich sonst so bin? Tourismus-Studentin und Kreuzfahrt-Enthusiastin! Bei mir dreht sich einfach alles ums Reisen ;-)\",\"sameAs\":[\"https:\/\/blog.a-rosa.de\/\"],\"url\":\"https:\/\/blog.a-rosa.de\/kreuzfahrt-blog\/author\/rivercruiseblogger\/\"}]}<\/script>\n<!-- \/ Yoast SEO plugin. -->","yoast_head_json":{"title":"Mit A-ROSA BELLA auf FAMILIENREISE - Donau Klassiker - A-ROSA Blog","robots":{"index":"index","follow":"follow","max-snippet":"max-snippet:-1","max-image-preview":"max-image-preview:large","max-video-preview":"max-video-preview:-1"},"canonical":"https:\/\/blog.a-rosa.de\/kreuzfahrt-blog\/river-cruise-blogger\/mit-a-rosa-bella-auf-familienreise-donau-klassiker\/","og_locale":"de_DE","og_type":"article","og_title":"Mit A-ROSA BELLA auf FAMILIENREISE - Donau Klassiker - A-ROSA Blog","og_description":"Unsere River Cruise Bloggerin Anna-Maria berichtet \u00fcber Ihre Erfahrungen auf einer Familienreise mit der A-ROSA BELLA auf der Donau. Seid gespannt, was sie euch zu berichten hat&#8230;","og_url":"https:\/\/blog.a-rosa.de\/kreuzfahrt-blog\/river-cruise-blogger\/mit-a-rosa-bella-auf-familienreise-donau-klassiker\/","og_site_name":"A-ROSA Blog","article_publisher":"https:\/\/www.facebook.com\/AROSAKreuzfahrten\/","article_published_time":"2019-08-15T16:58:03+00:00","article_modified_time":"2025-07-17T15:13:05+00:00","og_image":[{"width":3751,"height":2501,"url":"https:\/\/blog.a-rosa.de\/wp-content\/uploads\/2019\/08\/IMG_6262-e1737545875795.jpg","type":"image\/jpeg"}],"author":"Anna-Maria Hickmann","twitter_card":"summary_large_image","twitter_creator":"@arosacruises","twitter_site":"@arosacruises","twitter_misc":{"Verfasst von":"Anna-Maria Hickmann","Gesch\u00e4tzte Lesezeit":"19\u00a0Minuten"},"schema":{"@context":"https:\/\/schema.org","@graph":[{"@type":"Article","@id":"https:\/\/blog.a-rosa.de\/kreuzfahrt-blog\/river-cruise-blogger\/mit-a-rosa-bella-auf-familienreise-donau-klassiker\/#article","isPartOf":{"@id":"https:\/\/blog.a-rosa.de\/kreuzfahrt-blog\/river-cruise-blogger\/mit-a-rosa-bella-auf-familienreise-donau-klassiker\/"},"author":{"name":"Anna-Maria Hickmann","@id":"https:\/\/blog.a-rosa.de\/kreuzfahrt-blog\/#\/schema\/person\/4d82081f9892f1227076070c8bbc1744"},"headline":"Mit A-ROSA BELLA auf FAMILIENREISE &#8211; Donau Klassiker","datePublished":"2019-08-15T16:58:03+00:00","dateModified":"2025-07-17T15:13:05+00:00","mainEntityOfPage":{"@id":"https:\/\/blog.a-rosa.de\/kreuzfahrt-blog\/river-cruise-blogger\/mit-a-rosa-bella-auf-familienreise-donau-klassiker\/"},"wordCount":3223,"commentCount":1,"publisher":{"@id":"https:\/\/blog.a-rosa.de\/kreuzfahrt-blog\/#organization"},"image":{"@id":"https:\/\/blog.a-rosa.de\/kreuzfahrt-blog\/river-cruise-blogger\/mit-a-rosa-bella-auf-familienreise-donau-klassiker\/#primaryimage"},"thumbnailUrl":"https:\/\/blog.a-rosa.de\/wp-content\/uploads\/2019\/08\/IMG_6262-e1737545875795.jpg","articleSection":["A-ROSA pers\u00f6nlich","Reiseberichte","River Cruise Blogger"],"inLanguage":"de","potentialAction":[{"@type":"CommentAction","name":"Comment","target":["https:\/\/blog.a-rosa.de\/kreuzfahrt-blog\/river-cruise-blogger\/mit-a-rosa-bella-auf-familienreise-donau-klassiker\/#respond"]}]},{"@type":"WebPage","@id":"https:\/\/blog.a-rosa.de\/kreuzfahrt-blog\/river-cruise-blogger\/mit-a-rosa-bella-auf-familienreise-donau-klassiker\/","url":"https:\/\/blog.a-rosa.de\/kreuzfahrt-blog\/river-cruise-blogger\/mit-a-rosa-bella-auf-familienreise-donau-klassiker\/","name":"Mit A-ROSA BELLA auf FAMILIENREISE - Donau Klassiker - A-ROSA Blog","isPartOf":{"@id":"https:\/\/blog.a-rosa.de\/kreuzfahrt-blog\/#website"},"primaryImageOfPage":{"@id":"https:\/\/blog.a-rosa.de\/kreuzfahrt-blog\/river-cruise-blogger\/mit-a-rosa-bella-auf-familienreise-donau-klassiker\/#primaryimage"},"image":{"@id":"https:\/\/blog.a-rosa.de\/kreuzfahrt-blog\/river-cruise-blogger\/mit-a-rosa-bella-auf-familienreise-donau-klassiker\/#primaryimage"},"thumbnailUrl":"https:\/\/blog.a-rosa.de\/wp-content\/uploads\/2019\/08\/IMG_6262-e1737545875795.jpg","datePublished":"2019-08-15T16:58:03+00:00","dateModified":"2025-07-17T15:13:05+00:00","breadcrumb":{"@id":"https:\/\/blog.a-rosa.de\/kreuzfahrt-blog\/river-cruise-blogger\/mit-a-rosa-bella-auf-familienreise-donau-klassiker\/#breadcrumb"},"inLanguage":"de","potentialAction":[{"@type":"ReadAction","target":["https:\/\/blog.a-rosa.de\/kreuzfahrt-blog\/river-cruise-blogger\/mit-a-rosa-bella-auf-familienreise-donau-klassiker\/"]}]},{"@type":"ImageObject","inLanguage":"de","@id":"https:\/\/blog.a-rosa.de\/kreuzfahrt-blog\/river-cruise-blogger\/mit-a-rosa-bella-auf-familienreise-donau-klassiker\/#primaryimage","url":"https:\/\/blog.a-rosa.de\/wp-content\/uploads\/2019\/08\/IMG_6262-e1737545875795.jpg","contentUrl":"https:\/\/blog.a-rosa.de\/wp-content\/uploads\/2019\/08\/IMG_6262-e1737545875795.jpg","width":3751,"height":2501,"caption":"Panorama der ungarischen Nationalversammlung in Budapest mit einem Flusskreuzfahrtschiff im Vordergrund."},{"@type":"BreadcrumbList","@id":"https:\/\/blog.a-rosa.de\/kreuzfahrt-blog\/river-cruise-blogger\/mit-a-rosa-bella-auf-familienreise-donau-klassiker\/#breadcrumb","itemListElement":[{"@type":"ListItem","position":1,"name":"Startseite","item":"https:\/\/blog.a-rosa.de\/kreuzfahrt-blog\/home\/"},{"@type":"ListItem","position":2,"name":"Mit A-ROSA BELLA auf FAMILIENREISE &#8211; Donau Klassiker"}]},{"@type":"WebSite","@id":"https:\/\/blog.a-rosa.de\/kreuzfahrt-blog\/#website","url":"https:\/\/blog.a-rosa.de\/kreuzfahrt-blog\/","name":"A-ROSA Blog","description":"Flusskreuzfahrten hautnah erleben","publisher":{"@id":"https:\/\/blog.a-rosa.de\/kreuzfahrt-blog\/#organization"},"potentialAction":[{"@type":"SearchAction","target":{"@type":"EntryPoint","urlTemplate":"https:\/\/blog.a-rosa.de\/kreuzfahrt-blog\/?s={search_term_string}"},"query-input":{"@type":"PropertyValueSpecification","valueRequired":true,"valueName":"search_term_string"}}],"inLanguage":"de"},{"@type":"Organization","@id":"https:\/\/blog.a-rosa.de\/kreuzfahrt-blog\/#organization","name":"A-ROSA Flusschiff GmbH","url":"https:\/\/blog.a-rosa.de\/kreuzfahrt-blog\/","logo":{"@type":"ImageObject","inLanguage":"de","@id":"https:\/\/blog.a-rosa.de\/kreuzfahrt-blog\/#\/schema\/logo\/image\/","url":"https:\/\/blog.a-rosa.de\/wp-content\/uploads\/2017\/06\/logo.png","contentUrl":"https:\/\/blog.a-rosa.de\/wp-content\/uploads\/2017\/06\/logo.png","width":600,"height":200,"caption":"A-ROSA Flusschiff GmbH"},"image":{"@id":"https:\/\/blog.a-rosa.de\/kreuzfahrt-blog\/#\/schema\/logo\/image\/"},"sameAs":["https:\/\/www.facebook.com\/AROSAKreuzfahrten\/","https:\/\/x.com\/arosacruises","https:\/\/instagram.com\/arosacruises","https:\/\/www.pinterest.de\/arosakreuzfahrten\/","https:\/\/www.youtube.com\/user\/ArosaCrew"]},{"@type":"Person","@id":"https:\/\/blog.a-rosa.de\/kreuzfahrt-blog\/#\/schema\/person\/4d82081f9892f1227076070c8bbc1744","name":"Anna-Maria Hickmann","description":"Als allererste River Cruise Bloggerin erkunde ich zusammen mit A-ROSA die Fl\u00fcsse Europas! 10 Wochen lang reise ich per Schiff zu einzigartigen Destination, stets mit der Kamera auf Anschlag, um f\u00fcr euch die sch\u00f6nsten Orte, die ganz besonderen Momente einzufangen. Und wer ich sonst so bin? Tourismus-Studentin und Kreuzfahrt-Enthusiastin! Bei mir dreht sich einfach alles ums Reisen ;-)","sameAs":["https:\/\/blog.a-rosa.de\/"],"url":"https:\/\/blog.a-rosa.de\/kreuzfahrt-blog\/author\/rivercruiseblogger\/"}]}},"_links":{"self":[{"href":"https:\/\/blog.a-rosa.de\/kreuzfahrt-blog\/wp-json\/wp\/v2\/posts\/8142"}],"collection":[{"href":"https:\/\/blog.a-rosa.de\/kreuzfahrt-blog\/wp-json\/wp\/v2\/posts"}],"about":[{"href":"https:\/\/blog.a-rosa.de\/kreuzfahrt-blog\/wp-json\/wp\/v2\/types\/post"}],"author":[{"embeddable":true,"href":"https:\/\/blog.a-rosa.de\/kreuzfahrt-blog\/wp-json\/wp\/v2\/users\/8"}],"replies":[{"embeddable":true,"href":"https:\/\/blog.a-rosa.de\/kreuzfahrt-blog\/wp-json\/wp\/v2\/comments?post=8142"}],"version-history":[{"count":51,"href":"https:\/\/blog.a-rosa.de\/kreuzfahrt-blog\/wp-json\/wp\/v2\/posts\/8142\/revisions"}],"predecessor-version":[{"id":15205,"href":"https:\/\/blog.a-rosa.de\/kreuzfahrt-blog\/wp-json\/wp\/v2\/posts\/8142\/revisions\/15205"}],"wp:featuredmedia":[{"embeddable":true,"href":"https:\/\/blog.a-rosa.de\/kreuzfahrt-blog\/wp-json\/wp\/v2\/media\/8164"}],"wp:attachment":[{"href":"https:\/\/blog.a-rosa.de\/kreuzfahrt-blog\/wp-json\/wp\/v2\/media?parent=8142"}],"wp:term":[{"taxonomy":"category","embeddable":true,"href":"https:\/\/blog.a-rosa.de\/kreuzfahrt-blog\/wp-json\/wp\/v2\/categories?post=8142"},{"taxonomy":"post_tag","embeddable":true,"href":"https:\/\/blog.a-rosa.de\/kreuzfahrt-blog\/wp-json\/wp\/v2\/tags?post=8142"}],"curies":[{"name":"wp","href":"https:\/\/api.w.org\/{rel}","templated":true}]}}