{"id":3264,"date":"2017-11-17T16:25:13","date_gmt":"2017-11-17T15:25:13","guid":{"rendered":"https:\/\/blog.a-rosa.de\/kreuzfahrt-blog\/?p=3264"},"modified":"2025-07-17T17:48:01","modified_gmt":"2025-07-17T15:48:01","slug":"meine-reise-seine-erlebnis-normandie-mit-paris-bericht-video","status":"publish","type":"post","link":"https:\/\/blog.a-rosa.de\/kreuzfahrt-blog\/a-rosa-persoenlich\/meine-reise-seine-erlebnis-normandie-mit-paris-bericht-video\/","title":{"rendered":"Meine Reise &#8222;Seine Erlebnis Normandie mit Paris&#8220; Bericht + VIDEO"},"content":{"rendered":"<section class=\"av_textblock_section \"  itemscope=\"itemscope\" itemtype=\"https:\/\/schema.org\/BlogPosting\" itemprop=\"blogPost\" ><div class='avia_textblock  '   itemprop=\"text\" ><h2>Meine Reise &#8222;Seine Erlebnis Normandie mit Paris&#8220;<\/h2>\n<p>Eine Tour durch die einzigartige Normandie mit Start- und Endpunkt <a href=\"https:\/\/www.a-rosa.de\/flusskreuzfahrten\/angebote\/staedtereisen\/paris-staedtereise.html\" target=\"_blank\" rel=\"noopener\">Paris<\/a>, der Stadt der Liebe. Das kann doch nur sch\u00f6n werden, oder?<\/p>\n<p>Tats\u00e4chlich kenne ich im Vorfeld dieser Route einzig und allein die franz\u00f6sische Hauptstadt, die anderen kleinen Orte scheinen mir v\u00f6llig unbekannt, vielleicht ja sogar unbedeutend? Also eventuell doch mehr eine langweilige Reise, auf der es ohne Paris \u00fcberhaupt kein echtes Highlight geben w\u00fcrde? Mh, ich bin gespannt, was uns auf dieser Fahrt wohl alles erwarten wird. Ihr auch? Dann kommt mit auf eine kleine Reise \u00fcber die Seine.<\/p>\n<p>Die <a href=\"https:\/\/www.a-rosa.de\/flusskreuzfahrten\/a-rosa-flotte\/schiffe-auf-der-seine.html\" target=\"_blank\" rel=\"noopener\">A-ROSA VIVA<\/a> wartet schon auf uns!<\/p>\n<p><!--more--><\/p>\n<\/div><\/section>\n<div class='avia-gallery  avia-gallery-1 avia_lazyload avia_animate_when_visible '  itemscope=\"itemscope\" itemtype=\"https:\/\/schema.org\/ImageObject\" ><a class='avia-gallery-big fakeLightbox lightbox avia-gallery-big-crop-thumb ' href='https:\/\/blog.a-rosa.de\/wp-content\/uploads\/2017\/11\/beitragsbild-1-1024x683.jpg'  data-onclick='1' title='Gl\u00fccksspr\u00fcnge in \u00c9tretat!' ><span class='avia-gallery-big-inner'  itemprop=\"thumbnailUrl\" >\t<img width='1024' height='683' src='https:\/\/blog.a-rosa.de\/wp-content\/uploads\/2017\/11\/beitragsbild-1-1024x683.jpg' title='beitragsbild' alt='Eine junge Frau springt am Nachmittag mit ausgestreckten Armen vor Freude am Kiesstrand von \u00c9tretat, im Hintergrund die markante Felsformation.' \/>\t<span class='avia-gallery-caption'>Gl\u00fccksspr\u00fcnge in \u00c9tretat!<\/span><\/span><\/a><div class='avia-gallery-thumb'> <a href='https:\/\/blog.a-rosa.de\/wp-content\/uploads\/2017\/11\/beitragsbild-1-1024x683.jpg' data-rel='gallery-1' data-prev-img='https:\/\/blog.a-rosa.de\/wp-content\/uploads\/2017\/11\/beitragsbild-1-1024x683.jpg' class='first_thumb lightbox ' data-onclick='1' title='Gl\u00fccksspr\u00fcnge in \u00c9tretat!'  itemprop=\"thumbnailUrl\" ><img data-avia-tooltip='Gl\u00fccksspr\u00fcnge in \u00c9tretat!' src='https:\/\/blog.a-rosa.de\/wp-content\/uploads\/2017\/11\/beitragsbild-1-260x185.jpg' width='260' height='185'  title='beitragsbild' alt='Eine junge Frau springt am Nachmittag mit ausgestreckten Armen vor Freude am Kiesstrand von \u00c9tretat, im Hintergrund die markante Felsformation.' \/><\/a> <a href='https:\/\/blog.a-rosa.de\/wp-content\/uploads\/2017\/11\/IMG_4700-1-1024x683.jpg' data-rel='gallery-1' data-prev-img='https:\/\/blog.a-rosa.de\/wp-content\/uploads\/2017\/11\/IMG_4700-1-1024x683.jpg' class='lightbox ' data-onclick='2' title='Rote Lippen soll man k\u00fcssen, denn zum K\u00fcssen sind sie da...'  itemprop=\"thumbnailUrl\" ><img data-avia-tooltip='Rote Lippen soll man k\u00fcssen, denn zum K\u00fcssen sind sie da&#8230;' src='https:\/\/blog.a-rosa.de\/wp-content\/uploads\/2017\/11\/IMG_4700-1-260x185.jpg' width='260' height='185'  title='IMG_4700' alt='Frau mit Sonnenbrille steht am Ufer und \u201ek\u00fcsst\u201c am Vormittag spielerisch den roten Kussmund am Bug eines A-ROSA Schiffes' \/><\/a> <a href='https:\/\/blog.a-rosa.de\/wp-content\/uploads\/2017\/11\/IMG_4720-1024x683.jpg' data-rel='gallery-1' data-prev-img='https:\/\/blog.a-rosa.de\/wp-content\/uploads\/2017\/11\/IMG_4720-1024x683.jpg' class='lightbox ' data-onclick='3' title='Unsere sch\u00f6ne A-ROSA VIVA'  itemprop=\"thumbnailUrl\" ><img data-avia-tooltip='Unsere sch\u00f6ne A-ROSA VIVA' src='https:\/\/blog.a-rosa.de\/wp-content\/uploads\/2017\/11\/IMG_4720-260x185.jpg' width='260' height='185'  title='IMG_4720' alt='Die A-ROSA VIVA liegt am Vormittag ruhig an der Seine bei Les Andelys, das Ufer spiegelt sich klar im Wasser unter wolkenlosem Himmel.' \/><\/a> <a href='https:\/\/blog.a-rosa.de\/wp-content\/uploads\/2017\/11\/IMG_4856a-2-1024x683.jpg' data-rel='gallery-1' data-prev-img='https:\/\/blog.a-rosa.de\/wp-content\/uploads\/2017\/11\/IMG_4856a-2-1024x683.jpg' class='lightbox ' data-onclick='4' title='Den atemberaubenden Ausblick genie\u00dfen in Les Andelys'  itemprop=\"thumbnailUrl\" ><img data-avia-tooltip='Den atemberaubenden Ausblick genie\u00dfen in Les Andelys' src='https:\/\/blog.a-rosa.de\/wp-content\/uploads\/2017\/11\/IMG_4856a-2-260x185.jpg' width='260' height='185'  title='IMG_4856a (2)' alt='Frau sitzt im Morgenlicht auf einer Burgruine oberhalb der Seine und blickt auf die herbstliche Landschaft mit Fluss und G\u00e4rten.' \/><\/a> <a href='https:\/\/blog.a-rosa.de\/wp-content\/uploads\/2017\/11\/IMG_4785-1024x683.jpg' data-rel='gallery-1' data-prev-img='https:\/\/blog.a-rosa.de\/wp-content\/uploads\/2017\/11\/IMG_4785-1024x683.jpg' class='lightbox ' data-onclick='5' title='Aussicht von der alten Burgruine auf das Tal von Les Andelys'  itemprop=\"thumbnailUrl\" ><img data-avia-tooltip='Aussicht von der alten Burgruine auf das Tal von Les Andelys' src='https:\/\/blog.a-rosa.de\/wp-content\/uploads\/2017\/11\/IMG_4785-260x185.jpg' width='260' height='185'  title='IMG_4785' alt='Die A-ROSA VIVA liegt am sp\u00e4ten Vormittag an der herbstlich gef\u00e4rbten Seine bei Les Andelys mit Blick auf den Fluss und die wei\u00dfen Kalkfelsen.' \/><\/a> <a href='https:\/\/blog.a-rosa.de\/wp-content\/uploads\/2017\/11\/IMG_5120-1-1024x683.jpg' data-rel='gallery-1' data-prev-img='https:\/\/blog.a-rosa.de\/wp-content\/uploads\/2017\/11\/IMG_5120-1-1024x683.jpg' class='lightbox ' data-onclick='6' title='\u00c9tretat: Klettern \u00fcber die glitschigen Felsen'  itemprop=\"thumbnailUrl\" ><img data-avia-tooltip='\u00c9tretat: Klettern \u00fcber die glitschigen Felsen' src='https:\/\/blog.a-rosa.de\/wp-content\/uploads\/2017\/11\/IMG_5120-1-260x185.jpg' width='260' height='185'  title='IMG_5120' alt='Frau geht \u00fcber das zerkl\u00fcftete Felsplateau bei Ebbe in \u00c9tretat, im Hintergrund das Meer und die markanten Kreidefelsen.' \/><\/a> <a href='https:\/\/blog.a-rosa.de\/wp-content\/uploads\/2017\/11\/IMG_5197a-1-1024x683.jpg' data-rel='gallery-1' data-prev-img='https:\/\/blog.a-rosa.de\/wp-content\/uploads\/2017\/11\/IMG_5197a-1-1024x683.jpg' class='lightbox ' data-onclick='7' title='Aussicht genie\u00dfen :)'  itemprop=\"thumbnailUrl\" ><img data-avia-tooltip='Aussicht genie\u00dfen :)' src='https:\/\/blog.a-rosa.de\/wp-content\/uploads\/2017\/11\/IMG_5197a-1-260x185.jpg' width='260' height='185'  title='IMG_5197a' alt='Frau sitzt auf einem Felsen mit Blick auf die wei\u00dfen Kreideklippen von \u00c9tretat und das Meer an einem bew\u00f6lkten Tag.' \/><\/a> <a href='https:\/\/blog.a-rosa.de\/wp-content\/uploads\/2017\/11\/IMG_5244-1-1024x683.jpg' data-rel='gallery-1' data-prev-img='https:\/\/blog.a-rosa.de\/wp-content\/uploads\/2017\/11\/IMG_5244-1-1024x683.jpg' class='lightbox ' data-onclick='8' title='Die Kulisse von \u00c9tretat'  itemprop=\"thumbnailUrl\" ><img data-avia-tooltip='Die Kulisse von \u00c9tretat' src='https:\/\/blog.a-rosa.de\/wp-content\/uploads\/2017\/11\/IMG_5244-1-260x185.jpg' width='260' height='185'  title='IMG_5244' alt='Panoramablick auf \u00c9tretat mit Kiesstrand, K\u00fcstenpromenade und markanten Felsformationen an einem tr\u00fcben Nachmittag.' \/><\/a> <a href='https:\/\/blog.a-rosa.de\/wp-content\/uploads\/2017\/11\/IMG_5258-1-1024x683.jpg' data-rel='gallery-1' data-prev-img='https:\/\/blog.a-rosa.de\/wp-content\/uploads\/2017\/11\/IMG_5258-1-1024x683.jpg' class='lightbox ' data-onclick='9' title='Mein neuer Lieblingsplatz!'  itemprop=\"thumbnailUrl\" ><img data-avia-tooltip='Mein neuer Lieblingsplatz!' src='https:\/\/blog.a-rosa.de\/wp-content\/uploads\/2017\/11\/IMG_5258-1-260x185.jpg' width='260' height='185'  title='IMG_5258' alt='Frau mit gestreiftem Oberteil sitzt auf einer Bank und blickt auf die Felsformationen von \u00c9tretat an einem bew\u00f6lkten Nachmittag.' \/><\/a> <a href='https:\/\/blog.a-rosa.de\/wp-content\/uploads\/2017\/11\/IMG_5442-1-1024x683.jpg' data-rel='gallery-1' data-prev-img='https:\/\/blog.a-rosa.de\/wp-content\/uploads\/2017\/11\/IMG_5442-1-1024x683.jpg' class='lightbox ' data-onclick='10' title='Der s\u00fc\u00dfe Hafen von Honfleur'  itemprop=\"thumbnailUrl\" ><img data-avia-tooltip='Der s\u00fc\u00dfe Hafen von Honfleur' src='https:\/\/blog.a-rosa.de\/wp-content\/uploads\/2017\/11\/IMG_5442-1-260x185.jpg' width='260' height='185'  title='IMG_5442' alt='Boote im Hafen von Honfleur vor einer Kulisse aus Fachwerkh\u00e4usern, Caf\u00e9s und der h\u00f6lzernen Kirche Sainte-Catherine an einem bew\u00f6lkten Tag.' \/><\/a> <a href='https:\/\/blog.a-rosa.de\/wp-content\/uploads\/2017\/11\/IMG_5450-1-1024x683.jpg' data-rel='gallery-1' data-prev-img='https:\/\/blog.a-rosa.de\/wp-content\/uploads\/2017\/11\/IMG_5450-1-1024x683.jpg' class='first_thumb lightbox ' data-onclick='11' title='Schokolade naschen mit Blick auf Honfleur'  itemprop=\"thumbnailUrl\" ><img data-avia-tooltip='Schokolade naschen mit Blick auf Honfleur' src='https:\/\/blog.a-rosa.de\/wp-content\/uploads\/2017\/11\/IMG_5450-1-260x185.jpg' width='260' height='185'  title='IMG_5450' alt='Frau mit Papiertragetasche sitzt am Hafen von Honfleur und blickt auf bunte H\u00e4userfassaden und Segelboote an einem grauen Vormittag.' \/><\/a> <a href='https:\/\/blog.a-rosa.de\/wp-content\/uploads\/2017\/11\/IMG_5623-1-1024x683.jpg' data-rel='gallery-1' data-prev-img='https:\/\/blog.a-rosa.de\/wp-content\/uploads\/2017\/11\/IMG_5623-1-1024x683.jpg' class='lightbox ' data-onclick='12' title='Abendstimmung an der Calvadosbrennerei'  itemprop=\"thumbnailUrl\" ><img data-avia-tooltip='Abendstimmung an der Calvadosbrennerei' src='https:\/\/blog.a-rosa.de\/wp-content\/uploads\/2017\/11\/IMG_5623-1-260x185.jpg' width='260' height='185'  title='IMG_5623' alt='Fachwerkhaus und historische Landmaschinen im warmen Abendlicht auf einer gr\u00fcnen Wiese in der Normandie.' \/><\/a> <a href='https:\/\/blog.a-rosa.de\/wp-content\/uploads\/2017\/11\/IMG_5673-1-1024x683.jpg' data-rel='gallery-1' data-prev-img='https:\/\/blog.a-rosa.de\/wp-content\/uploads\/2017\/11\/IMG_5673-1-1024x683.jpg' class='lightbox ' data-onclick='13' title='Wer w\u00fcrde auch gern mal kosten?'  itemprop=\"thumbnailUrl\" ><img data-avia-tooltip='Wer w\u00fcrde auch gern mal kosten?' src='https:\/\/blog.a-rosa.de\/wp-content\/uploads\/2017\/11\/IMG_5673-1-260x185.jpg' width='260' height='185'  title='IMG_5673' alt='Ein Glas mit heller Calvados-Spirituose von Christian Drouin wird am fr\u00fchen Abend vor gr\u00fcner Gartenkulisse in Szene gesetzt.' \/><\/a> <a href='https:\/\/blog.a-rosa.de\/wp-content\/uploads\/2017\/11\/IMG_5801-1024x683.jpg' data-rel='gallery-1' data-prev-img='https:\/\/blog.a-rosa.de\/wp-content\/uploads\/2017\/11\/IMG_5801-1024x683.jpg' class='lightbox ' data-onclick='14' title='Das beeindruckende Stadtbild von Rouen'  itemprop=\"thumbnailUrl\" ><img data-avia-tooltip='Das beeindruckende Stadtbild von Rouen' src='https:\/\/blog.a-rosa.de\/wp-content\/uploads\/2017\/11\/IMG_5801-260x185.jpg' width='260' height='185'  title='IMG_5801' alt='Historische H\u00e4userfassaden und die astronomische Uhr Gros-Horloge in Rouen am Nachmittag bei klarem Licht.' \/><\/a> <a href='https:\/\/blog.a-rosa.de\/wp-content\/uploads\/2017\/11\/IMG_5814-1024x683.jpg' data-rel='gallery-1' data-prev-img='https:\/\/blog.a-rosa.de\/wp-content\/uploads\/2017\/11\/IMG_5814-1024x683.jpg' class='lightbox ' data-onclick='15' title='Rouen: die majest\u00e4tische Kathedrale'  itemprop=\"thumbnailUrl\" ><img data-avia-tooltip='Rouen: die majest\u00e4tische Kathedrale' src='https:\/\/blog.a-rosa.de\/wp-content\/uploads\/2017\/11\/IMG_5814-260x185.jpg' width='260' height='185'  title='IMG_5814' alt='Die imposante Westfassade der Kathedrale von Rouen zeigt am sp\u00e4ten Vormittag ihre filigranen T\u00fcrme und gotischen Verzierungen im Sonnenlicht.' \/><\/a> <a href='https:\/\/blog.a-rosa.de\/wp-content\/uploads\/2017\/11\/IMG_5822-1024x683.jpg' data-rel='gallery-1' data-prev-img='https:\/\/blog.a-rosa.de\/wp-content\/uploads\/2017\/11\/IMG_5822-1024x683.jpg' class='lightbox ' data-onclick='16' title='Und so sieht die Kathedrale von Innen aus'  itemprop=\"thumbnailUrl\" ><img data-avia-tooltip='Und so sieht die Kathedrale von Innen aus' src='https:\/\/blog.a-rosa.de\/wp-content\/uploads\/2017\/11\/IMG_5822-260x185.jpg' width='260' height='185'  title='IMG_5822' alt='Sonnenlicht f\u00e4llt am Vormittag durch hohe Fenster in das imposante Kirchenschiff einer gotischen Kathedrale mit leeren Holzst\u00fchlen.' \/><\/a> <a href='https:\/\/blog.a-rosa.de\/wp-content\/uploads\/2017\/11\/IMG_6425-1024x683.jpg' data-rel='gallery-1' data-prev-img='https:\/\/blog.a-rosa.de\/wp-content\/uploads\/2017\/11\/IMG_6425-1024x683.jpg' class='lightbox ' data-onclick='17' title='Die vorbeiziehende Landschaft der Normandie genie\u00dfen'  itemprop=\"thumbnailUrl\" ><img data-avia-tooltip='Die vorbeiziehende Landschaft der Normandie genie\u00dfen' src='https:\/\/blog.a-rosa.de\/wp-content\/uploads\/2017\/11\/IMG_6425-260x185.jpg' width='260' height='185'  title='IMG_6425' alt='Ein M\u00e4dchen blickt am Nachmittag vom Balkon einer Kabine aus auf einen ruhigen Fluss mit herbstlich gef\u00e4rbten B\u00e4umen.' \/><\/a> <a href='https:\/\/blog.a-rosa.de\/wp-content\/uploads\/2017\/11\/IMG_6570-e1671033681605-1024x682.jpg' data-rel='gallery-1' data-prev-img='https:\/\/blog.a-rosa.de\/wp-content\/uploads\/2017\/11\/IMG_6570-e1671033681605-1024x682.jpg' class='lightbox ' data-onclick='18' title=''  itemprop=\"thumbnailUrl\" ><img  src='https:\/\/blog.a-rosa.de\/wp-content\/uploads\/2017\/11\/IMG_6570-e1671033681605-260x185.jpg' width='260' height='185'  title='Macarons' alt='Bunt gemischte Macarons in einer rosa Box auf dem Scho\u00df, genossen an einem Herbsttag in Paris.' \/><\/a> <a href='https:\/\/blog.a-rosa.de\/wp-content\/uploads\/2017\/11\/IMG_6596-683x1024.jpg' data-rel='gallery-1' data-prev-img='https:\/\/blog.a-rosa.de\/wp-content\/uploads\/2017\/11\/IMG_6596-683x1024.jpg' class='lightbox ' data-onclick='19' title='Das Wahrzeichen Frankreichs'  itemprop=\"thumbnailUrl\" ><img data-avia-tooltip='Das Wahrzeichen Frankreichs' src='https:\/\/blog.a-rosa.de\/wp-content\/uploads\/2017\/11\/IMG_6596-260x185.jpg' width='260' height='185'  title='IMG_6596' alt='Der Eiffelturm an einem sonnigen Herbsttag in Paris, umrahmt von herbstlich gef\u00e4rbten B\u00e4umen und blauem Himmel.' \/><\/a> <a href='https:\/\/blog.a-rosa.de\/wp-content\/uploads\/2017\/11\/IMG_6721-1024x683.jpg' data-rel='gallery-1' data-prev-img='https:\/\/blog.a-rosa.de\/wp-content\/uploads\/2017\/11\/IMG_6721-1024x683.jpg' class='lightbox ' data-onclick='20' title='Unser idyllischer Liegeplatz in Paris: Start- und Endpunkt der Reise'  itemprop=\"thumbnailUrl\" ><img data-avia-tooltip='Unser idyllischer Liegeplatz in Paris: Start- und Endpunkt der Reise' src='https:\/\/blog.a-rosa.de\/wp-content\/uploads\/2017\/11\/IMG_6721-260x185.jpg' width='260' height='185'  title='IMG_6721' alt='A-ROSA Schiff am Anleger in herbstlicher Morgensonne, im Vordergrund ein wei\u00dfes Zelt mit Logo und goldgelb leuchtende Baumkronen.' \/><\/a><\/div><\/div>\n<div style=' margin-top:30px; margin-bottom:30px;'  class='hr hr-custom hr-center hr-icon-no  '><span class='hr-inner   inner-border-av-border-none' style=' width:50px;' ><span class='hr-inner-style'><\/span><\/span><\/div>\n<section class=\"av_textblock_section \"  itemscope=\"itemscope\" itemtype=\"https:\/\/schema.org\/BlogPosting\" itemprop=\"blogPost\" ><div class='avia_textblock  '   itemprop=\"text\" ><h2>Unser Reiseverlauf<\/h2>\n<h3>Tag 1: LES ANDELYS<\/h3>\n<p>Es ist erst Stopp Nummer Eins unserer Reise und schon bin ich augenblicklich hin und weg. Hier in Les Andelys, mitten in der Natur, f\u00fchle ich mich wie in der puren Idylle angekommen. Die Sonne strahlt nur so und verspricht einen goldenen Herbsttag. Schon vom Schiff aus erblicke ich unser heutiges Ziel: Eine alte Burgruine, welche hoch oben auf einem Berg zu thronen scheint. Wir wandern hinauf, sind fasziniert von dem unfassbar sch\u00f6nen Ausblick, der sich uns von der Spitze aus bietet. Einfach nur atemberaubend. Irgendwann rei\u00dfen wir uns schlie\u00dflich doch wieder los und marschieren zur\u00fcck ins Zentrum von Les Andelys. Ein buntes Erntedankfest ist dort gerade mitten im Gange und so lassen wir uns durch die zahlreichen St\u00e4nde treiben und be\u00e4ugen neugierig die unterschiedlichen Angebote. Was f\u00fcr ein Paradies! Am Nachmittag bleibt bei herrlichen Sonnenschein sogar noch etwas Zeit f\u00fcr eine Partie Minigolf &#8211; mit idealem Blick auf die Burg nat\u00fcrlich! Wollt ihr noch mehr wissen? Die ausf\u00fchrliche Geschichte \u00fcber meinen traumaften Tag an diesem wundersch\u00f6nen Fleckchen Erde solltet Ihr unbedingt in meinem <a href=\"https:\/\/blog.a-rosa.de\/kreuzfahrt-blog\/2017\/11\/04\/les-andelys-in-der-normandie\/\" target=\"_blank\" rel=\"noopener\">Blogbeitrag zu Les Andelys<\/a> lesen!<\/p>\n<h3>Tag 2: CAUDEBEC-EN-CAUX (\u00c9TRETAT)<\/h3>\n<p>Kennt ihr schon die einzigartigen Kreidefelsen an der K\u00fcste von \u00c9tretat? Bisher habe ich immer nur Bilder davon gesehen und war schon allein davon immer fasziniert. Also war es f\u00fcr mich keine Frage, ob ich den angebotenen A-ROSA Ausflug nach \u00c9tretat heute nutzen m\u00f6chte. Ich freue mich unheimlich, als es gegen 13.30 Uhr endlich los geht. Nach einem kurzen Fotostopp in Le Havre erreichen wir am Nachmittag die Alabasterk\u00fcste. Und was soll ich sagen. In Echt ist es einfach noch mal um ein Vielfaches eindrucksvoller als auf all den Fotos. Staunend stehe ich vor den pittoresken Felsgruppierungen, k\u00f6nnte ewig so verharren. Stattdessen machen wir uns auf und klettern \u00fcber die glitschigen Steine am Strand und schlie\u00dflich hoch bis ganz nach oben auf den rechten Felsen. Eine fast schon mystische Ruhe liegt \u00fcber der gesamten Bucht, wobei die nebelige Stimmung ihr \u00dcbriges dazu beitr\u00e4gt. Ich bin verzaubert. Und gerade k\u00f6nnte ich auch noch ewig so weiter \u00fcber die Sch\u00f6nheit dieses Ortes schreiben, aber um den Rahmen nicht zu sprengen, mein Tipp: Lest doch gerne den entsprechenden ausf\u00fchrlichen <a href=\"https:\/\/blog.a-rosa.de\/kreuzfahrt-blog\/2017\/11\/05\/ein-ausflug-zu-den-kreidefelsen-von-etretat\/\" target=\"_blank\" rel=\"noopener\">Blogbeitrag zu \u00c9tretat<\/a>.<\/p>\n<h3>Tag 3: CAUDEBEC-EN-CAUX (HONFLEUR)<\/h3>\n<p>Nachdem wir mit unserer A-ROSA VIVA \u00fcber Nacht in Caudebec liegen geblieben sind, erwartet uns heute ein weiterer spannender Ausflug. Um 13.30 Uhr beginnt unsere Tour nach Honfleur, wo wir, mit Audio Guides und Kameras bewaffnet, die Stadt erkunden. Ein kleiner Rundgang und ein St\u00fcndchen Freizeit bieten die ideale Mischung aus interessanten Infos und Raum zum individuellen Entdecken. Der n\u00e4chste Stopp des Tages lautet Deauville. Eigentlich ein wundersch\u00f6nes altes Seebad mit einem unfassbar breiten Strand, f\u00fcr den wir heute allerdings kaum Zeit finden. Nur eine halbe Stunde Aufenthalt sieht unser straffes Programm hier an der K\u00fcste vor. Immerhin ausreichend, um mal eben kurz die F\u00fc\u00dfe ins Wasser zu halten und kleine Urlaubssouvenirs in Form von Muscheln zu sammeln. Dann geht es auch schon weiter zu Punkt drei unseres Ausflugs: der Besichtigung einer Calvadosbrennerei. Auch zu diesem Ausflug habe ich euch einen sicher sehr lesenswerten extra Blog-Artikel mit vielen Eindr\u00fccken geschrieben: <a href=\"https:\/\/blog.a-rosa.de\/kreuzfahrt-blog\/2017\/11\/07\/alles-auf-einmal-honfleur-deauville-und-eine-calvados-brennerei\/\" target=\"_blank\" rel=\"noopener\">Alles auf einmal: Honfleur, Deauville und eine Calvados-Brennerei!<\/a><\/p>\n<h3>Tag 4: ROUEN<\/h3>\n<p>Nachdem die letzten beiden Tage mit Ausfl\u00fcgen und Sightseeing\u00a0schon so vollgepackt waren, m\u00f6chten wir es heute mal etwas ruhiger angehen lassen. Also beschlie\u00dfen wir so gegen Mittag einen Spaziergang durch das historische Stadtzentrum zu unternehmen. Hier reiht sich ein Gesch\u00e4ft ans n\u00e4chste und jede Shoppingqueen w\u00fcrde sich wahrscheinlich f\u00fchlen, wie im absoluten Paradies. Da uns heute nach Einkaufen aber nicht der Sinn steht, werfen wir lieber ein Auge auf die beeindruckende astronomische Uhr, die inmitten der vielen Fachwerkh\u00e4user nicht zu \u00fcbersehen ist. Wir gehen weiter entlang der Hauptstra\u00dfe, wo wir die Kathedrale vermuten. Volltreffer! Riesengro\u00df und majest\u00e4tisch ist sie nicht zu \u00fcbersehen. Und dennoch, verglichen mit dem sonstigen Zentrum von <a href=\"https:\/\/www.a-rosa.de\/flusskreuzfahrten\/angebote\/staedtereisen\/rouen-staedtereise.html\" target=\"_blank\" rel=\"noopener\">Rouen<\/a>, gar nicht \u00fcberlaufen. Der Eintritt ist kostenlos und trotzdem sind au\u00dfer uns kaum andere Touristen zu finden. Was f\u00fcr eine angenehme \u00dcberraschung.<\/p>\n<p>Am Abend dann erwartet uns noch ein ganz besonderes Highlight: Wir haben das franz\u00f6sische A-ROSA Dining in der Weinwirtschaft reserviert. Hier erleben wir ein tolles Men\u00fc mit guten Weinen und spannenden Gespr\u00e4chen.<\/p>\n<h3>Tag 5: VERNON<\/h3>\n<p>Heute befinden wir uns im malerischen Vernon. Malerisch sogar in zweierlei Hinsicht: Zum einen sind die kleinen H\u00e4uschen und die alte M\u00fchle der Stadt wirklich wunderh\u00fcbsch anzusehen, zum anderen hat sich hier schon der ber\u00fchmte Maler Claude Monet k\u00fcnstlerisch verewigt. Die perfekte Kulisse also, um an diesem sonnigen Vormittag\u00a0 durch die kleinen G\u00e4sschen zu bummeln. Viele Gesch\u00e4fte oder dergleichen gibt es nicht, aber nach dem gestrigen Trubel in Rouen, genie\u00dfen wir diese Ruhe heute. Einfach losziehen ohne Stadtplan oder Karte &#8211; denn sowas braucht man hier wirklich nicht!<\/p>\n<p>Beim Auslaufen am Nachmittag k\u00f6nnen wir noch einmal die wundersch\u00f6n herbstliche Landschaft der Normandie bestaunen. Und so schippern wir in freudiger Erwartung, mit einem k\u00fchlen Drink in der Hand, unserem letzten Stopp Paris entgegen.<\/p>\n<h3>Tag 6: PARIS<\/h3>\n<p><a href=\"https:\/\/www.a-rosa.de\/flusskreuzfahrten\/angebote\/staedtereisen\/paris-staedtereise.html\">Paris<\/a>, je t\u2018aime. Oder zumindest so \u00e4hnlich. Als ich vor gut drei Jahren die franz\u00f6sische Hauptstadt das erste Mal besucht habe, war es n\u00e4mlich alles andere als Liebe auf den ersten Blick. So richtig haben wir nicht zueinander gefunden, diese Stadt und ich. Einige Kurztrips hat es gebraucht, bis wir langsam und anfangs noch ganz zaghaft angeb\u00e4ndelt haben. Mittlerweile jedoch verbindet uns eine hei\u00dfe und innige Beziehung. Deshalb freue ich mich auch wirklich sehr, heute wieder einmal hier sein zu d\u00fcrfen. Die Stadt ist riesig und hat so viel zu bieten, ich wei\u00df gar nicht wof\u00fcr ich mich entscheiden soll. Viel Lust auf einen gro\u00dfen Ausflug haben wir nicht, also entschlie\u00dfen wir uns, ganz entspannt und auf eigene Faust ins Zentrum zu fahren. Mit der Metro Nummer 13 kommen wir binnen 20 Minuten zur Champs \u00c9lys\u00e9e. \u201eLaLaLa&#8230;Au Champs \u00c9lys\u00e9e&#8230;\u201c \u2014 eine kurze Gesangseinlage kann ich mir beim Spaziergang \u00fcber den weltber\u00fchmten Einkaufsboulevard dann doch nicht verkneifen. Dabei steuere ich zielstrebig ein ganz spezielles Gesch\u00e4ft an: Ladur\u00e9e. Hier gibt es die angeblich besten Macarons der ganzen Stadt, ja wenn nicht sogar ganz Frankreichs! Die Boutique ist wundersch\u00f6n und ich bin \u00fcbergl\u00fccklich als ich mit meiner kleinen mintfarbenen Shoppingtasche zum Eiffelturm schlendere. Dort angekommen lassen wir uns auf einer Parkbank mit Blick auf das Wahrzeichen der Stadt nieder und verk\u00f6stigen die eben erstandenen, zuckers\u00fc\u00dfen Macarons. Mhm, so f\u00fchlt sich Urlaub an! Wir verweilen noch ein bisschen, beobachten das bunte Treiben der zahlreichen Touristen, bevor wir uns wieder entlang der Seine zur Metrostation begeben. Und so bricht auch schon der letzte Abend unserer Reise mit der A-ROSA VIVA an.<\/p>\n<h2>Meine Highlights der Reise<\/h2>\n<\/div><\/section>\n<div class=\"flex_column av_one_half  flex_column_div av-zero-column-padding first  \" style='border-radius:0px; '><div class='avia-image-container  av-styling-    avia-align-center '  itemscope=\"itemscope\" itemtype=\"https:\/\/schema.org\/ImageObject\"  ><div class='avia-image-container-inner'><a href='https:\/\/blog.a-rosa.de\/kreuzfahrt-blog\/2017\/11\/05\/ein-ausflug-zu-den-kreidefelsen-von-etretat\/' class='avia_image'   target=\"_blank\" ><img class='avia_image ' src='https:\/\/blog.a-rosa.de\/wp-content\/uploads\/2017\/11\/IMG_5197a-300x200.jpg' alt='Frau sitzt auf einem Felsen mit Blick auf die wei\u00dfen Kreideklippen von \u00c9tretat und das Meer an einem bew\u00f6lkten Tag.' title='IMG_5197a'  itemprop=\"thumbnailUrl\"  \/><\/a><\/div><\/div><\/div>\n<div class=\"flex_column av_one_half  flex_column_div av-zero-column-padding   \" style='border-radius:0px; '><div class='avia-image-container  av-styling-    avia-align-center '  itemscope=\"itemscope\" itemtype=\"https:\/\/schema.org\/ImageObject\"  ><div class='avia-image-container-inner'><a href='https:\/\/blog.a-rosa.de\/kreuzfahrt-blog\/2017\/11\/15\/dining-auf-a-rosa-urlaub-kann-so-lecker-sein\/' class='avia_image'   target=\"_blank\" ><img class='avia_image ' src='https:\/\/blog.a-rosa.de\/wp-content\/uploads\/2017\/11\/22664171_10208077030163065_1282371804_o-1-e1510916003867-300x225-1-300x200.jpg' alt='Eine Auswahl franz\u00f6sischer K\u00e4sesorten auf einem Holzbrett, serviert am Abend mit Brot, N\u00fcssen, Chutney und Weintrauben.' title='22664171_10208077030163065_1282371804_o-1-e1510916003867-300x225'  itemprop=\"thumbnailUrl\"  \/><\/a><\/div><\/div><\/div>\n<div class=\"flex_column av_one_half  flex_column_div av-zero-column-padding first  \" style='border-radius:0px; '><section class=\"av_textblock_section \"  itemscope=\"itemscope\" itemtype=\"https:\/\/schema.org\/BlogPosting\" itemprop=\"blogPost\" ><div class='avia_textblock  '   itemprop=\"text\" ><h4>AN LAND<\/h4>\n<p>Unser Ausflug nach \u00c9tretat! Diese Landschaft mit den einzigartigen Kreidefelsen ist einfach wundersch\u00f6n. Jeder, der hier noch nie in seinem Leben war, sollte meiner Meinung nach einmal diesen Ausflug machen. Es lohnt sich wirklich!<\/p>\n<\/div><\/section><\/div>\n<div class=\"flex_column av_one_half  flex_column_div av-zero-column-padding   \" style='border-radius:0px; '><section class=\"av_textblock_section \"  itemscope=\"itemscope\" itemtype=\"https:\/\/schema.org\/BlogPosting\" itemprop=\"blogPost\" ><div class='avia_textblock  '   itemprop=\"text\" ><h4>AN BORD<\/h4>\n<p>Das A-ROSA Dining! Unser Essen war wirklich ausgesprochen lecker, aber was ich besonders sch\u00f6n fand, war das Restaurant, in dem uns das Men\u00fc serviert wurde. Die Weinwirtschaft an Bord der A-ROSA VIVA ist einfach so ein toller gem\u00fctlicher Bereich, dass wir den Abend gleich nochmal ein St\u00fcckchen mehr genossen haben.<\/p>\n<\/div><\/section><\/div>\n<div  class='hr hr-default  '><span class='hr-inner ' ><span class='hr-inner-style'><\/span><\/span><\/div>\n<section class=\"av_textblock_section \"  itemscope=\"itemscope\" itemtype=\"https:\/\/schema.org\/BlogPosting\" itemprop=\"blogPost\" ><div class='avia_textblock  '   itemprop=\"text\" ><h2>MEIN FAZIT<\/h2>\n<p>Wie war das doch gleich mit der Frage vom Anfang: Erwartet uns hier nur eine langweilige Reise, auf der es abgesehen von Paris, keine wirklichen H\u00f6hepunkte gibt? Ich glaube an dieser Stelle k\u00f6nnt ihr euch dieses Statement schon selbst beantworten. Denn tats\u00e4chlich ist unsere Route auf dieser <a href=\"https:\/\/www.a-rosa.de\/flusskreuzfahrten\/seine\/flusskreuzfahrten.html#|tmonth|2018\" target=\"_blank\" rel=\"noopener\">A-ROSA Seine-Kreuzfahrt<\/a> so abwechslungsreich und \u00fcberraschend gewesen, dass mich jeder Ort auf seine Weise und in seiner Einzigartigkeit verzaubert hat. Wir haben so viele neue St\u00e4dte entdecken d\u00fcrfen, die ich ohne diese Reise wahrscheinlich niemals besucht h\u00e4tte.<\/p>\n<p>Das franz\u00f6sische Lebensgef\u00fchl hat f\u00fcr die richtige Urlaubsstimmung gesorgt &#8211; an Land, sowie an Bord. Hier wurden wir jeden Tag mit der leckeren franz\u00f6sischen K\u00fcche verw\u00f6hnt und am Abend mit der passenden Musik auf den n\u00e4chsten, aufregenden Tag eingestimmt. Ein Leben wie Gott in Frankreich? An Bord definitiv! \ud83d\ude09<\/p>\n<p>Das waren nun schon die Highlights\u00a0meiner Tour\u00a0&#8222;Seine\u00a0Erlebnis Normandie mit Paris&#8220;. Ich muss ganz ehrlich sagen, dass ich wirklich damit zu k\u00e4mpfen hatte, alle Erlebnisse so zu &#8222;k\u00fcrzen&#8220;, so dass dieser Blogbeitrag nicht zu einem endlos langem Artikel ausartet. Um euch aber dennoch ein paar tiefere Einblicke zu meiner Reise geben zu k\u00f6nnen, habe ich extra noch ein passendes Video gedreht.<\/p>\n<\/div><\/section>\n<section class=\"av_textblock_section \"  itemscope=\"itemscope\" itemtype=\"https:\/\/schema.org\/BlogPosting\" itemprop=\"blogPost\" ><div class='avia_textblock  '   itemprop=\"text\" ><p>Ich w\u00fcrde mich sehr freuen, wenn ihr auch auf der n\u00e4chsten Reise mit dabei seid. Da nehme ich euch dann mit zu einer Gourmetreise auf der Mosel &#8211; wir lesen voneinander! \ud83d\ude09<\/p>\n<p>Eure River Cruise Bloggerin<\/p>\n<p><img loading=\"lazy\" decoding=\"async\" class=\"alignnone wp-image-2161\" src=\"https:\/\/blog.a-rosa.de\/wp-content\/uploads\/2017\/10\/signatur_anna-maria_600px-300x113.jpg\" alt=\"\" width=\"212\" height=\"80\" srcset=\"https:\/\/blog.a-rosa.de\/wp-content\/uploads\/2017\/10\/signatur_anna-maria_600px-300x113.jpg 300w, https:\/\/blog.a-rosa.de\/wp-content\/uploads\/2017\/10\/signatur_anna-maria_600px-450x170.jpg 450w, https:\/\/blog.a-rosa.de\/wp-content\/uploads\/2017\/10\/signatur_anna-maria_600px.jpg 600w\" sizes=\"(max-width: 212px) 100vw, 212px\" \/><\/p>\n<\/div><\/section>\n","protected":false},"excerpt":{"rendered":"<p>Meine Reise &#8222;Seine Erlebnis Normandie mit Paris&#8220; Eine Tour durch die einzigartige Normandie mit Start- und Endpunkt Paris, der Stadt der Liebe. Das kann doch nur sch\u00f6n werden, oder? Tats\u00e4chlich kenne ich im Vorfeld dieser Route einzig und allein die franz\u00f6sische Hauptstadt, die anderen kleinen Orte scheinen mir v\u00f6llig unbekannt, vielleicht ja sogar unbedeutend? Also [&hellip;]<\/p>\n","protected":false},"author":8,"featured_media":3363,"comment_status":"open","ping_status":"open","sticky":false,"template":"","format":"standard","meta":{"footnotes":""},"categories":[1,17,46],"tags":[],"yoast_head":"<!-- This site is optimized with the Yoast SEO plugin v24.5 - https:\/\/yoast.com\/wordpress\/plugins\/seo\/ -->\n<title>Meine Reise &quot;Seine Erlebnis Normandie mit Paris&quot; Bericht + VIDEO - A-ROSA Blog<\/title>\n<meta name=\"robots\" content=\"index, follow, max-snippet:-1, max-image-preview:large, max-video-preview:-1\" \/>\n<link rel=\"canonical\" href=\"https:\/\/blog.a-rosa.de\/kreuzfahrt-blog\/a-rosa-persoenlich\/meine-reise-seine-erlebnis-normandie-mit-paris-bericht-video\/\" \/>\n<meta property=\"og:locale\" content=\"de_DE\" \/>\n<meta property=\"og:type\" content=\"article\" \/>\n<meta property=\"og:title\" content=\"Meine Reise &quot;Seine Erlebnis Normandie mit Paris&quot; Bericht + VIDEO - A-ROSA Blog\" \/>\n<meta property=\"og:description\" content=\"Meine Reise &#8222;Seine Erlebnis Normandie mit Paris&#8220; Eine Tour durch die einzigartige Normandie mit Start- und Endpunkt Paris, der Stadt der Liebe. Das kann doch nur sch\u00f6n werden, oder? Tats\u00e4chlich kenne ich im Vorfeld dieser Route einzig und allein die franz\u00f6sische Hauptstadt, die anderen kleinen Orte scheinen mir v\u00f6llig unbekannt, vielleicht ja sogar unbedeutend? Also [&hellip;]\" \/>\n<meta property=\"og:url\" content=\"https:\/\/blog.a-rosa.de\/kreuzfahrt-blog\/a-rosa-persoenlich\/meine-reise-seine-erlebnis-normandie-mit-paris-bericht-video\/\" \/>\n<meta property=\"og:site_name\" content=\"A-ROSA Blog\" \/>\n<meta property=\"article:publisher\" content=\"https:\/\/www.facebook.com\/AROSAKreuzfahrten\/\" \/>\n<meta property=\"article:published_time\" content=\"2017-11-17T15:25:13+00:00\" \/>\n<meta property=\"article:modified_time\" content=\"2025-07-17T15:48:01+00:00\" \/>\n<meta property=\"og:image\" content=\"https:\/\/blog.a-rosa.de\/wp-content\/uploads\/2017\/11\/IMG_4699.jpg\" \/>\n\t<meta property=\"og:image:width\" content=\"4999\" \/>\n\t<meta property=\"og:image:height\" content=\"3333\" \/>\n\t<meta property=\"og:image:type\" content=\"image\/jpeg\" \/>\n<meta name=\"author\" content=\"Anna-Maria Hickmann\" \/>\n<meta name=\"twitter:card\" content=\"summary_large_image\" \/>\n<meta name=\"twitter:creator\" content=\"@arosacruises\" \/>\n<meta name=\"twitter:site\" content=\"@arosacruises\" \/>\n<meta name=\"twitter:label1\" content=\"Verfasst von\" \/>\n\t<meta name=\"twitter:data1\" content=\"Anna-Maria Hickmann\" \/>\n\t<meta name=\"twitter:label2\" content=\"Gesch\u00e4tzte Lesezeit\" \/>\n\t<meta name=\"twitter:data2\" content=\"10\u00a0Minuten\" \/>\n<script type=\"application\/ld+json\" class=\"yoast-schema-graph\">{\"@context\":\"https:\/\/schema.org\",\"@graph\":[{\"@type\":\"Article\",\"@id\":\"https:\/\/blog.a-rosa.de\/kreuzfahrt-blog\/a-rosa-persoenlich\/meine-reise-seine-erlebnis-normandie-mit-paris-bericht-video\/#article\",\"isPartOf\":{\"@id\":\"https:\/\/blog.a-rosa.de\/kreuzfahrt-blog\/a-rosa-persoenlich\/meine-reise-seine-erlebnis-normandie-mit-paris-bericht-video\/\"},\"author\":{\"name\":\"Anna-Maria Hickmann\",\"@id\":\"https:\/\/blog.a-rosa.de\/kreuzfahrt-blog\/#\/schema\/person\/4d82081f9892f1227076070c8bbc1744\"},\"headline\":\"Meine Reise &#8222;Seine Erlebnis Normandie mit Paris&#8220; Bericht + VIDEO\",\"datePublished\":\"2017-11-17T15:25:13+00:00\",\"dateModified\":\"2025-07-17T15:48:01+00:00\",\"mainEntityOfPage\":{\"@id\":\"https:\/\/blog.a-rosa.de\/kreuzfahrt-blog\/a-rosa-persoenlich\/meine-reise-seine-erlebnis-normandie-mit-paris-bericht-video\/\"},\"wordCount\":2200,\"commentCount\":0,\"publisher\":{\"@id\":\"https:\/\/blog.a-rosa.de\/kreuzfahrt-blog\/#organization\"},\"image\":{\"@id\":\"https:\/\/blog.a-rosa.de\/kreuzfahrt-blog\/a-rosa-persoenlich\/meine-reise-seine-erlebnis-normandie-mit-paris-bericht-video\/#primaryimage\"},\"thumbnailUrl\":\"https:\/\/blog.a-rosa.de\/wp-content\/uploads\/2017\/11\/IMG_4699.jpg\",\"articleSection\":[\"A-ROSA pers\u00f6nlich\",\"Reiseberichte\",\"River Cruise Blogger\"],\"inLanguage\":\"de\",\"potentialAction\":[{\"@type\":\"CommentAction\",\"name\":\"Comment\",\"target\":[\"https:\/\/blog.a-rosa.de\/kreuzfahrt-blog\/a-rosa-persoenlich\/meine-reise-seine-erlebnis-normandie-mit-paris-bericht-video\/#respond\"]}]},{\"@type\":\"WebPage\",\"@id\":\"https:\/\/blog.a-rosa.de\/kreuzfahrt-blog\/a-rosa-persoenlich\/meine-reise-seine-erlebnis-normandie-mit-paris-bericht-video\/\",\"url\":\"https:\/\/blog.a-rosa.de\/kreuzfahrt-blog\/a-rosa-persoenlich\/meine-reise-seine-erlebnis-normandie-mit-paris-bericht-video\/\",\"name\":\"Meine Reise \\\"Seine Erlebnis Normandie mit Paris\\\" Bericht + VIDEO - A-ROSA Blog\",\"isPartOf\":{\"@id\":\"https:\/\/blog.a-rosa.de\/kreuzfahrt-blog\/#website\"},\"primaryImageOfPage\":{\"@id\":\"https:\/\/blog.a-rosa.de\/kreuzfahrt-blog\/a-rosa-persoenlich\/meine-reise-seine-erlebnis-normandie-mit-paris-bericht-video\/#primaryimage\"},\"image\":{\"@id\":\"https:\/\/blog.a-rosa.de\/kreuzfahrt-blog\/a-rosa-persoenlich\/meine-reise-seine-erlebnis-normandie-mit-paris-bericht-video\/#primaryimage\"},\"thumbnailUrl\":\"https:\/\/blog.a-rosa.de\/wp-content\/uploads\/2017\/11\/IMG_4699.jpg\",\"datePublished\":\"2017-11-17T15:25:13+00:00\",\"dateModified\":\"2025-07-17T15:48:01+00:00\",\"breadcrumb\":{\"@id\":\"https:\/\/blog.a-rosa.de\/kreuzfahrt-blog\/a-rosa-persoenlich\/meine-reise-seine-erlebnis-normandie-mit-paris-bericht-video\/#breadcrumb\"},\"inLanguage\":\"de\",\"potentialAction\":[{\"@type\":\"ReadAction\",\"target\":[\"https:\/\/blog.a-rosa.de\/kreuzfahrt-blog\/a-rosa-persoenlich\/meine-reise-seine-erlebnis-normandie-mit-paris-bericht-video\/\"]}]},{\"@type\":\"ImageObject\",\"inLanguage\":\"de\",\"@id\":\"https:\/\/blog.a-rosa.de\/kreuzfahrt-blog\/a-rosa-persoenlich\/meine-reise-seine-erlebnis-normandie-mit-paris-bericht-video\/#primaryimage\",\"url\":\"https:\/\/blog.a-rosa.de\/wp-content\/uploads\/2017\/11\/IMG_4699.jpg\",\"contentUrl\":\"https:\/\/blog.a-rosa.de\/wp-content\/uploads\/2017\/11\/IMG_4699.jpg\",\"width\":4999,\"height\":3333,\"caption\":\"Frau mit Sonnenbrille steht am Ufer und \u201ek\u00fcsst\u201c am Vormittag spielerisch den roten Kussmund am Bug eines A-ROSA Schiffes.\"},{\"@type\":\"BreadcrumbList\",\"@id\":\"https:\/\/blog.a-rosa.de\/kreuzfahrt-blog\/a-rosa-persoenlich\/meine-reise-seine-erlebnis-normandie-mit-paris-bericht-video\/#breadcrumb\",\"itemListElement\":[{\"@type\":\"ListItem\",\"position\":1,\"name\":\"Startseite\",\"item\":\"https:\/\/blog.a-rosa.de\/kreuzfahrt-blog\/home\/\"},{\"@type\":\"ListItem\",\"position\":2,\"name\":\"Meine Reise &#8222;Seine Erlebnis Normandie mit Paris&#8220; Bericht + VIDEO\"}]},{\"@type\":\"WebSite\",\"@id\":\"https:\/\/blog.a-rosa.de\/kreuzfahrt-blog\/#website\",\"url\":\"https:\/\/blog.a-rosa.de\/kreuzfahrt-blog\/\",\"name\":\"A-ROSA Blog\",\"description\":\"Flusskreuzfahrten hautnah erleben\",\"publisher\":{\"@id\":\"https:\/\/blog.a-rosa.de\/kreuzfahrt-blog\/#organization\"},\"potentialAction\":[{\"@type\":\"SearchAction\",\"target\":{\"@type\":\"EntryPoint\",\"urlTemplate\":\"https:\/\/blog.a-rosa.de\/kreuzfahrt-blog\/?s={search_term_string}\"},\"query-input\":{\"@type\":\"PropertyValueSpecification\",\"valueRequired\":true,\"valueName\":\"search_term_string\"}}],\"inLanguage\":\"de\"},{\"@type\":\"Organization\",\"@id\":\"https:\/\/blog.a-rosa.de\/kreuzfahrt-blog\/#organization\",\"name\":\"A-ROSA Flusschiff GmbH\",\"url\":\"https:\/\/blog.a-rosa.de\/kreuzfahrt-blog\/\",\"logo\":{\"@type\":\"ImageObject\",\"inLanguage\":\"de\",\"@id\":\"https:\/\/blog.a-rosa.de\/kreuzfahrt-blog\/#\/schema\/logo\/image\/\",\"url\":\"https:\/\/blog.a-rosa.de\/wp-content\/uploads\/2017\/06\/logo.png\",\"contentUrl\":\"https:\/\/blog.a-rosa.de\/wp-content\/uploads\/2017\/06\/logo.png\",\"width\":600,\"height\":200,\"caption\":\"A-ROSA Flusschiff GmbH\"},\"image\":{\"@id\":\"https:\/\/blog.a-rosa.de\/kreuzfahrt-blog\/#\/schema\/logo\/image\/\"},\"sameAs\":[\"https:\/\/www.facebook.com\/AROSAKreuzfahrten\/\",\"https:\/\/x.com\/arosacruises\",\"https:\/\/instagram.com\/arosacruises\",\"https:\/\/www.pinterest.de\/arosakreuzfahrten\/\",\"https:\/\/www.youtube.com\/user\/ArosaCrew\"]},{\"@type\":\"Person\",\"@id\":\"https:\/\/blog.a-rosa.de\/kreuzfahrt-blog\/#\/schema\/person\/4d82081f9892f1227076070c8bbc1744\",\"name\":\"Anna-Maria Hickmann\",\"description\":\"Als allererste River Cruise Bloggerin erkunde ich zusammen mit A-ROSA die Fl\u00fcsse Europas! 10 Wochen lang reise ich per Schiff zu einzigartigen Destination, stets mit der Kamera auf Anschlag, um f\u00fcr euch die sch\u00f6nsten Orte, die ganz besonderen Momente einzufangen. Und wer ich sonst so bin? Tourismus-Studentin und Kreuzfahrt-Enthusiastin! Bei mir dreht sich einfach alles ums Reisen ;-)\",\"sameAs\":[\"https:\/\/blog.a-rosa.de\/\"],\"url\":\"https:\/\/blog.a-rosa.de\/kreuzfahrt-blog\/author\/rivercruiseblogger\/\"}]}<\/script>\n<!-- \/ Yoast SEO plugin. -->","yoast_head_json":{"title":"Meine Reise \"Seine Erlebnis Normandie mit Paris\" Bericht + VIDEO - A-ROSA Blog","robots":{"index":"index","follow":"follow","max-snippet":"max-snippet:-1","max-image-preview":"max-image-preview:large","max-video-preview":"max-video-preview:-1"},"canonical":"https:\/\/blog.a-rosa.de\/kreuzfahrt-blog\/a-rosa-persoenlich\/meine-reise-seine-erlebnis-normandie-mit-paris-bericht-video\/","og_locale":"de_DE","og_type":"article","og_title":"Meine Reise \"Seine Erlebnis Normandie mit Paris\" Bericht + VIDEO - A-ROSA Blog","og_description":"Meine Reise &#8222;Seine Erlebnis Normandie mit Paris&#8220; Eine Tour durch die einzigartige Normandie mit Start- und Endpunkt Paris, der Stadt der Liebe. Das kann doch nur sch\u00f6n werden, oder? Tats\u00e4chlich kenne ich im Vorfeld dieser Route einzig und allein die franz\u00f6sische Hauptstadt, die anderen kleinen Orte scheinen mir v\u00f6llig unbekannt, vielleicht ja sogar unbedeutend? Also [&hellip;]","og_url":"https:\/\/blog.a-rosa.de\/kreuzfahrt-blog\/a-rosa-persoenlich\/meine-reise-seine-erlebnis-normandie-mit-paris-bericht-video\/","og_site_name":"A-ROSA Blog","article_publisher":"https:\/\/www.facebook.com\/AROSAKreuzfahrten\/","article_published_time":"2017-11-17T15:25:13+00:00","article_modified_time":"2025-07-17T15:48:01+00:00","og_image":[{"width":4999,"height":3333,"url":"https:\/\/blog.a-rosa.de\/wp-content\/uploads\/2017\/11\/IMG_4699.jpg","type":"image\/jpeg"}],"author":"Anna-Maria Hickmann","twitter_card":"summary_large_image","twitter_creator":"@arosacruises","twitter_site":"@arosacruises","twitter_misc":{"Verfasst von":"Anna-Maria Hickmann","Gesch\u00e4tzte Lesezeit":"10\u00a0Minuten"},"schema":{"@context":"https:\/\/schema.org","@graph":[{"@type":"Article","@id":"https:\/\/blog.a-rosa.de\/kreuzfahrt-blog\/a-rosa-persoenlich\/meine-reise-seine-erlebnis-normandie-mit-paris-bericht-video\/#article","isPartOf":{"@id":"https:\/\/blog.a-rosa.de\/kreuzfahrt-blog\/a-rosa-persoenlich\/meine-reise-seine-erlebnis-normandie-mit-paris-bericht-video\/"},"author":{"name":"Anna-Maria Hickmann","@id":"https:\/\/blog.a-rosa.de\/kreuzfahrt-blog\/#\/schema\/person\/4d82081f9892f1227076070c8bbc1744"},"headline":"Meine Reise &#8222;Seine Erlebnis Normandie mit Paris&#8220; Bericht + VIDEO","datePublished":"2017-11-17T15:25:13+00:00","dateModified":"2025-07-17T15:48:01+00:00","mainEntityOfPage":{"@id":"https:\/\/blog.a-rosa.de\/kreuzfahrt-blog\/a-rosa-persoenlich\/meine-reise-seine-erlebnis-normandie-mit-paris-bericht-video\/"},"wordCount":2200,"commentCount":0,"publisher":{"@id":"https:\/\/blog.a-rosa.de\/kreuzfahrt-blog\/#organization"},"image":{"@id":"https:\/\/blog.a-rosa.de\/kreuzfahrt-blog\/a-rosa-persoenlich\/meine-reise-seine-erlebnis-normandie-mit-paris-bericht-video\/#primaryimage"},"thumbnailUrl":"https:\/\/blog.a-rosa.de\/wp-content\/uploads\/2017\/11\/IMG_4699.jpg","articleSection":["A-ROSA pers\u00f6nlich","Reiseberichte","River Cruise Blogger"],"inLanguage":"de","potentialAction":[{"@type":"CommentAction","name":"Comment","target":["https:\/\/blog.a-rosa.de\/kreuzfahrt-blog\/a-rosa-persoenlich\/meine-reise-seine-erlebnis-normandie-mit-paris-bericht-video\/#respond"]}]},{"@type":"WebPage","@id":"https:\/\/blog.a-rosa.de\/kreuzfahrt-blog\/a-rosa-persoenlich\/meine-reise-seine-erlebnis-normandie-mit-paris-bericht-video\/","url":"https:\/\/blog.a-rosa.de\/kreuzfahrt-blog\/a-rosa-persoenlich\/meine-reise-seine-erlebnis-normandie-mit-paris-bericht-video\/","name":"Meine Reise \"Seine Erlebnis Normandie mit Paris\" Bericht + VIDEO - A-ROSA Blog","isPartOf":{"@id":"https:\/\/blog.a-rosa.de\/kreuzfahrt-blog\/#website"},"primaryImageOfPage":{"@id":"https:\/\/blog.a-rosa.de\/kreuzfahrt-blog\/a-rosa-persoenlich\/meine-reise-seine-erlebnis-normandie-mit-paris-bericht-video\/#primaryimage"},"image":{"@id":"https:\/\/blog.a-rosa.de\/kreuzfahrt-blog\/a-rosa-persoenlich\/meine-reise-seine-erlebnis-normandie-mit-paris-bericht-video\/#primaryimage"},"thumbnailUrl":"https:\/\/blog.a-rosa.de\/wp-content\/uploads\/2017\/11\/IMG_4699.jpg","datePublished":"2017-11-17T15:25:13+00:00","dateModified":"2025-07-17T15:48:01+00:00","breadcrumb":{"@id":"https:\/\/blog.a-rosa.de\/kreuzfahrt-blog\/a-rosa-persoenlich\/meine-reise-seine-erlebnis-normandie-mit-paris-bericht-video\/#breadcrumb"},"inLanguage":"de","potentialAction":[{"@type":"ReadAction","target":["https:\/\/blog.a-rosa.de\/kreuzfahrt-blog\/a-rosa-persoenlich\/meine-reise-seine-erlebnis-normandie-mit-paris-bericht-video\/"]}]},{"@type":"ImageObject","inLanguage":"de","@id":"https:\/\/blog.a-rosa.de\/kreuzfahrt-blog\/a-rosa-persoenlich\/meine-reise-seine-erlebnis-normandie-mit-paris-bericht-video\/#primaryimage","url":"https:\/\/blog.a-rosa.de\/wp-content\/uploads\/2017\/11\/IMG_4699.jpg","contentUrl":"https:\/\/blog.a-rosa.de\/wp-content\/uploads\/2017\/11\/IMG_4699.jpg","width":4999,"height":3333,"caption":"Frau mit Sonnenbrille steht am Ufer und \u201ek\u00fcsst\u201c am Vormittag spielerisch den roten Kussmund am Bug eines A-ROSA Schiffes."},{"@type":"BreadcrumbList","@id":"https:\/\/blog.a-rosa.de\/kreuzfahrt-blog\/a-rosa-persoenlich\/meine-reise-seine-erlebnis-normandie-mit-paris-bericht-video\/#breadcrumb","itemListElement":[{"@type":"ListItem","position":1,"name":"Startseite","item":"https:\/\/blog.a-rosa.de\/kreuzfahrt-blog\/home\/"},{"@type":"ListItem","position":2,"name":"Meine Reise &#8222;Seine Erlebnis Normandie mit Paris&#8220; Bericht + VIDEO"}]},{"@type":"WebSite","@id":"https:\/\/blog.a-rosa.de\/kreuzfahrt-blog\/#website","url":"https:\/\/blog.a-rosa.de\/kreuzfahrt-blog\/","name":"A-ROSA Blog","description":"Flusskreuzfahrten hautnah erleben","publisher":{"@id":"https:\/\/blog.a-rosa.de\/kreuzfahrt-blog\/#organization"},"potentialAction":[{"@type":"SearchAction","target":{"@type":"EntryPoint","urlTemplate":"https:\/\/blog.a-rosa.de\/kreuzfahrt-blog\/?s={search_term_string}"},"query-input":{"@type":"PropertyValueSpecification","valueRequired":true,"valueName":"search_term_string"}}],"inLanguage":"de"},{"@type":"Organization","@id":"https:\/\/blog.a-rosa.de\/kreuzfahrt-blog\/#organization","name":"A-ROSA Flusschiff GmbH","url":"https:\/\/blog.a-rosa.de\/kreuzfahrt-blog\/","logo":{"@type":"ImageObject","inLanguage":"de","@id":"https:\/\/blog.a-rosa.de\/kreuzfahrt-blog\/#\/schema\/logo\/image\/","url":"https:\/\/blog.a-rosa.de\/wp-content\/uploads\/2017\/06\/logo.png","contentUrl":"https:\/\/blog.a-rosa.de\/wp-content\/uploads\/2017\/06\/logo.png","width":600,"height":200,"caption":"A-ROSA Flusschiff GmbH"},"image":{"@id":"https:\/\/blog.a-rosa.de\/kreuzfahrt-blog\/#\/schema\/logo\/image\/"},"sameAs":["https:\/\/www.facebook.com\/AROSAKreuzfahrten\/","https:\/\/x.com\/arosacruises","https:\/\/instagram.com\/arosacruises","https:\/\/www.pinterest.de\/arosakreuzfahrten\/","https:\/\/www.youtube.com\/user\/ArosaCrew"]},{"@type":"Person","@id":"https:\/\/blog.a-rosa.de\/kreuzfahrt-blog\/#\/schema\/person\/4d82081f9892f1227076070c8bbc1744","name":"Anna-Maria Hickmann","description":"Als allererste River Cruise Bloggerin erkunde ich zusammen mit A-ROSA die Fl\u00fcsse Europas! 10 Wochen lang reise ich per Schiff zu einzigartigen Destination, stets mit der Kamera auf Anschlag, um f\u00fcr euch die sch\u00f6nsten Orte, die ganz besonderen Momente einzufangen. Und wer ich sonst so bin? Tourismus-Studentin und Kreuzfahrt-Enthusiastin! Bei mir dreht sich einfach alles ums Reisen ;-)","sameAs":["https:\/\/blog.a-rosa.de\/"],"url":"https:\/\/blog.a-rosa.de\/kreuzfahrt-blog\/author\/rivercruiseblogger\/"}]}},"_links":{"self":[{"href":"https:\/\/blog.a-rosa.de\/kreuzfahrt-blog\/wp-json\/wp\/v2\/posts\/3264"}],"collection":[{"href":"https:\/\/blog.a-rosa.de\/kreuzfahrt-blog\/wp-json\/wp\/v2\/posts"}],"about":[{"href":"https:\/\/blog.a-rosa.de\/kreuzfahrt-blog\/wp-json\/wp\/v2\/types\/post"}],"author":[{"embeddable":true,"href":"https:\/\/blog.a-rosa.de\/kreuzfahrt-blog\/wp-json\/wp\/v2\/users\/8"}],"replies":[{"embeddable":true,"href":"https:\/\/blog.a-rosa.de\/kreuzfahrt-blog\/wp-json\/wp\/v2\/comments?post=3264"}],"version-history":[{"count":31,"href":"https:\/\/blog.a-rosa.de\/kreuzfahrt-blog\/wp-json\/wp\/v2\/posts\/3264\/revisions"}],"predecessor-version":[{"id":15280,"href":"https:\/\/blog.a-rosa.de\/kreuzfahrt-blog\/wp-json\/wp\/v2\/posts\/3264\/revisions\/15280"}],"wp:featuredmedia":[{"embeddable":true,"href":"https:\/\/blog.a-rosa.de\/kreuzfahrt-blog\/wp-json\/wp\/v2\/media\/3363"}],"wp:attachment":[{"href":"https:\/\/blog.a-rosa.de\/kreuzfahrt-blog\/wp-json\/wp\/v2\/media?parent=3264"}],"wp:term":[{"taxonomy":"category","embeddable":true,"href":"https:\/\/blog.a-rosa.de\/kreuzfahrt-blog\/wp-json\/wp\/v2\/categories?post=3264"},{"taxonomy":"post_tag","embeddable":true,"href":"https:\/\/blog.a-rosa.de\/kreuzfahrt-blog\/wp-json\/wp\/v2\/tags?post=3264"}],"curies":[{"name":"wp","href":"https:\/\/api.w.org\/{rel}","templated":true}]}}