{"id":2625,"date":"2017-11-04T17:18:18","date_gmt":"2017-11-04T16:18:18","guid":{"rendered":"https:\/\/blog.a-rosa.de\/kreuzfahrt-blog\/?p=2625"},"modified":"2025-07-17T17:49:27","modified_gmt":"2025-07-17T15:49:27","slug":"les-andelys-in-der-normandie","status":"publish","type":"post","link":"https:\/\/blog.a-rosa.de\/kreuzfahrt-blog\/a-rosa-persoenlich\/les-andelys-in-der-normandie\/","title":{"rendered":"Les Andelys &#8211; der vielleicht idyllischste Ort der Normandie!"},"content":{"rendered":"<p>Es ist der erste Stopp unserer siebent\u00e4gigen <a href=\"https:\/\/www.a-rosa.de\/flusskreuzfahrten\/seine\/flusskreuzfahrten.html#|tmonth|2018\" target=\"_blank\" rel=\"noopener\">Seine-Kreuzfahrt<\/a> mit der A-ROSA VIVA. Gegen halb 8 am Morgen kitzeln mich die ersten Sonnenstrahlen langsam wach. Noch etwas zerknautscht reibe ich mir den Schlaf aus den Augen, setze ich mich auf und starre auf einmal ganz fasziniert aus den bodentiefen Fenstern unserer Kabine. Offensichtlich haben wir heute Morgen an einem der idyllischsten Orte der Normandie festgemacht.<\/p>\n<p><!--more--><\/p>\n<p>Tiefgr\u00fcne noch vom Tau benetzte Wiesen erstrecken sich vor mir und direkt dahinter lassen spitze schiefergedeckte D\u00e4cher ein kleines, typisch franz\u00f6sisches D\u00f6rfchen vermuten. Ich lasse meinen Blick weiter schweifen und bleibe an einem Punkt hoch oben auf der Spitze eines H\u00fcgels h\u00e4ngen. Ist das da eine alte Burgruine, die so majest\u00e4tisch \u00fcber der friedlich schlummernden Landschaft zu thronen scheint? Wahnsinn, da MUSS ich heute hin!<\/p>\n<p><img loading=\"lazy\" decoding=\"async\" class=\"img-responsive alignnone wp-image-2628\" title=\"Burg in Les Andelys von K\u00f6nig Richard L\u00f6wenherz\" src=\"https:\/\/blog.a-rosa.de\/wp-content\/uploads\/2017\/10\/IMG_4752-e1509266248944-683x1024.jpg\" alt=\"\" width=\"800\" height=\"1200\" srcset=\"https:\/\/blog.a-rosa.de\/wp-content\/uploads\/2017\/10\/IMG_4752-e1509266248944-683x1024.jpg 683w, https:\/\/blog.a-rosa.de\/wp-content\/uploads\/2017\/10\/IMG_4752-e1509266248944-200x300.jpg 200w, https:\/\/blog.a-rosa.de\/wp-content\/uploads\/2017\/10\/IMG_4752-e1509266248944-768x1152.jpg 768w, https:\/\/blog.a-rosa.de\/wp-content\/uploads\/2017\/10\/IMG_4752-e1509266248944-1000x1500.jpg 1000w, https:\/\/blog.a-rosa.de\/wp-content\/uploads\/2017\/10\/IMG_4752-e1509266248944-470x705.jpg 470w, https:\/\/blog.a-rosa.de\/wp-content\/uploads\/2017\/10\/IMG_4752-e1509266248944-450x675.jpg 450w\" sizes=\"(max-width: 800px) 100vw, 800px\" \/><\/p>\n<h2>Los geht die Wanderung!<\/h2>\n<p>Gegen Mittag brechen wir auf, ganz ohne Plan und Wegbeschreibung. Wir marschieren einfach los in Richtung Berg, mal schauen wann wir oben ankommen. So stapfen wir vor uns hin, \u201emeine\u201c Burg dabei stets fest im Blick. Die bunten Bl\u00e4tter der B\u00e4ume rascheln unter unseren F\u00fc\u00dfen und die letzten Sonnenstrahlen des Jahres dringen w\u00e4rmend durch die \u00c4ste der dicht stehenden B\u00e4ume. Wir steigen \u00fcber schroffe Felsen, sandige Wege und klettern steile H\u00fcgel hinauf. Sicher w\u00fcrde es auch einen leichteren Weg hinauf geben, aber mir steht der Sinn nach etwas Abenteuer. Und immerhin hatten die Ritter damals ja auch keinen asphaltierten Weg, der sie nach oben zu ihrem Burgfr\u00e4ulein gebracht h\u00e4tte.<\/p>\n<p>Apropos damals: Mittlerweile habe ich auch herausgefunden, um was f\u00fcr eine Burg es sich da oben eigentlich handelt. Sie wurde im 12. Jahrhundert vom ber\u00fchmt ber\u00fcchtigten englischen K\u00f6nig Richard L\u00f6wenherz erbaut. Ja, genau <em>der<\/em> Richard L\u00f6wenherz, den wir alle aus der sagenumwobenen Geschichte von Robin Hood kennen. Ich bin beeindruckt und meine Fantasie noch ein St\u00fcckchen mehr befl\u00fcgelt.<\/p>\n<p><img loading=\"lazy\" decoding=\"async\" class=\"alignnone wp-image-2630 size-large\" style=\"font-size: 16px;\" title=\"Blick auf die A-ROSA VIVA in Ley Andelys\" src=\"https:\/\/blog.a-rosa.de\/wp-content\/uploads\/2017\/10\/IMG_4785-1024x683.jpg\" alt=\"\" width=\"1024\" height=\"683\" srcset=\"https:\/\/blog.a-rosa.de\/wp-content\/uploads\/2017\/10\/IMG_4785-1024x683.jpg 1024w, https:\/\/blog.a-rosa.de\/wp-content\/uploads\/2017\/10\/IMG_4785-300x200.jpg 300w, https:\/\/blog.a-rosa.de\/wp-content\/uploads\/2017\/10\/IMG_4785-768x512.jpg 768w, https:\/\/blog.a-rosa.de\/wp-content\/uploads\/2017\/10\/IMG_4785-1500x1000.jpg 1500w, https:\/\/blog.a-rosa.de\/wp-content\/uploads\/2017\/10\/IMG_4785-705x470.jpg 705w, https:\/\/blog.a-rosa.de\/wp-content\/uploads\/2017\/10\/IMG_4785-450x300.jpg 450w\" sizes=\"(max-width: 1024px) 100vw, 1024px\" \/><\/p>\n<h2>Ein Aufstieg, der sich lohnt!<\/h2>\n<p>Nach ungef\u00e4hr zwanzig Minuten strammen Marsch\u00b4s, sind wir ganz oben, an der Spitze des Berges, angekommen. Noch etwas schniefend vom Aufstieg bleiben wir stehen und lassen den Blick in die Ferne schweifen. Genie\u00dfen die Weite, die sich vor uns erstreckt. Wirklich atemberaubend sch\u00f6n. Und mittendrin unsere <a href=\"https:\/\/www.a-rosa.de\/flusskreuzfahrten\/a-rosa-flotte\/schiffe-auf-der-seine.html\" target=\"_blank\" rel=\"noopener\">A-ROSA VIVA<\/a>, was f\u00fcr eine wunderbare Fotokulisse! Nur eine kurze Pause zum Staunen und Bewundern der Szenerie, dann setzen wir unseren Weg zur Burg fort. Hier stehen wir allerdings vor verschlossenen Pforten. Der Eintritt w\u00fcrde 3,-\u20ac pro Person kosten, doch gerade ist Mittagspause. Wir \u00fcberlegen kurz, die eine Stunde abzuwarten, entscheiden dann aber doch, lieber wieder hinunter ins Tal zu kehren. Der Blick von hier oben allein ist schon so atemberaubend, das reicht uns f\u00fcr heute vollkommen. Noch eine Weile sitzen wir auf einem kleinen Felsvorsprung und beobachten die Herbstlandschaft um uns herum. Dann machen wir uns wieder an den Abstieg, um das Zentrum des kleinen Les Andelys zu erkunden. Denn da ist f\u00fcr einen Sonntagnachmittag echt eine Menge los!<\/p>\n<p><img loading=\"lazy\" decoding=\"async\" class=\"alignnone wp-image-2631\" style=\"font-size: 16px;\" title=\"A-ROSA River Cruise Bloggerin Anna-Maria auf der Burg in Ley Andelys\" src=\"https:\/\/blog.a-rosa.de\/wp-content\/uploads\/2017\/10\/IMG_4856a-683x1024.jpg\" alt=\"\" width=\"800\" height=\"1200\" srcset=\"https:\/\/blog.a-rosa.de\/wp-content\/uploads\/2017\/10\/IMG_4856a-683x1024.jpg 683w, https:\/\/blog.a-rosa.de\/wp-content\/uploads\/2017\/10\/IMG_4856a-200x300.jpg 200w, https:\/\/blog.a-rosa.de\/wp-content\/uploads\/2017\/10\/IMG_4856a-768x1152.jpg 768w, https:\/\/blog.a-rosa.de\/wp-content\/uploads\/2017\/10\/IMG_4856a-1000x1500.jpg 1000w, https:\/\/blog.a-rosa.de\/wp-content\/uploads\/2017\/10\/IMG_4856a-470x705.jpg 470w, https:\/\/blog.a-rosa.de\/wp-content\/uploads\/2017\/10\/IMG_4856a-450x675.jpg 450w\" sizes=\"(max-width: 800px) 100vw, 800px\" \/><\/p>\n<h2>Les Andelys begr\u00fc\u00dft den Herbst!<\/h2>\n<p>Die Einheimischen feiern Erntedankfest, sodass wir \u00fcberall leuchtend orangefarbene K\u00fcrbisse, hoch aufget\u00fcrmte Strohballen und liebevoll geflochtene Kornkr\u00e4nze finden. Der Marktplatz, sonst wahrscheinlich eher beschaulich, ja vielleicht schon fast verschlafen, hat sich heute in ein buntes Festgel\u00e4nde verwandelt. Eine Gruppe junger M\u00e4dchen steht ganz aufgeregt vor der extra aufgebauten B\u00fchne und wartet, in pr\u00e4chtigen Trachten herausgeputzt, auf seinen gro\u00dfen Auftritt. \u00dcberall sind kleine St\u00e4nde aufgebaut, an denen die verschiedensten regionalen Spezialit\u00e4ten angeboten werden. Der s\u00fc\u00dfe Duft von frischen Cr\u00eapes und hei\u00dfen Maronen liegt in der Luft. Wenn das Mittagessen doch heute nur nicht so gut und besonders reichhaltig gewesen w\u00e4re\u2026<\/p>\n<p><img loading=\"lazy\" decoding=\"async\" class=\"alignnone wp-image-2629\" title=\"Die Kirche in Les Andelys\" src=\"https:\/\/blog.a-rosa.de\/wp-content\/uploads\/2017\/10\/IMG_4768-e1509266276456.jpg\" alt=\"\" width=\"375\" height=\"563\" srcset=\"https:\/\/blog.a-rosa.de\/wp-content\/uploads\/2017\/10\/IMG_4768-e1509266276456.jpg 3648w, https:\/\/blog.a-rosa.de\/wp-content\/uploads\/2017\/10\/IMG_4768-e1509266276456-200x300.jpg 200w, https:\/\/blog.a-rosa.de\/wp-content\/uploads\/2017\/10\/IMG_4768-e1509266276456-768x1152.jpg 768w, https:\/\/blog.a-rosa.de\/wp-content\/uploads\/2017\/10\/IMG_4768-e1509266276456-683x1024.jpg 683w, https:\/\/blog.a-rosa.de\/wp-content\/uploads\/2017\/10\/IMG_4768-e1509266276456-1000x1500.jpg 1000w, https:\/\/blog.a-rosa.de\/wp-content\/uploads\/2017\/10\/IMG_4768-e1509266276456-470x705.jpg 470w, https:\/\/blog.a-rosa.de\/wp-content\/uploads\/2017\/10\/IMG_4768-e1509266276456-450x675.jpg 450w\" sizes=\"(max-width: 375px) 100vw, 375px\" \/> <img loading=\"lazy\" decoding=\"async\" class=\"alignnone wp-image-2632\" title=\"Herbstliche Stimung in Les Andelys\" src=\"https:\/\/blog.a-rosa.de\/wp-content\/uploads\/2017\/10\/IMG_4894-e1509266312382.jpg\" alt=\"\" width=\"375\" height=\"563\" srcset=\"https:\/\/blog.a-rosa.de\/wp-content\/uploads\/2017\/10\/IMG_4894-e1509266312382.jpg 3648w, https:\/\/blog.a-rosa.de\/wp-content\/uploads\/2017\/10\/IMG_4894-e1509266312382-200x300.jpg 200w, https:\/\/blog.a-rosa.de\/wp-content\/uploads\/2017\/10\/IMG_4894-e1509266312382-768x1152.jpg 768w, https:\/\/blog.a-rosa.de\/wp-content\/uploads\/2017\/10\/IMG_4894-e1509266312382-683x1024.jpg 683w, https:\/\/blog.a-rosa.de\/wp-content\/uploads\/2017\/10\/IMG_4894-e1509266312382-1000x1500.jpg 1000w, https:\/\/blog.a-rosa.de\/wp-content\/uploads\/2017\/10\/IMG_4894-e1509266312382-470x705.jpg 470w, https:\/\/blog.a-rosa.de\/wp-content\/uploads\/2017\/10\/IMG_4894-e1509266312382-450x675.jpg 450w\" sizes=\"(max-width: 375px) 100vw, 375px\" \/><\/p>\n<h2>Die pure Idylle!<\/h2>\n<p>Nach all dem Trubel im Zentrum der Stadt beschlie\u00dfen wir nun, den Tag ganz entspannt an Bord ausklingen zu lassen. Auf unserem Weg zum Schiff spazieren wir entlang der Seine, die jetzt von der tief stehenden Sonne in ein wunderbar warmes Licht getaucht wird. Das Glitzern des Wassers und das sanfte Rauschen der Wellen, die ans Ufer gesp\u00fclt werden &#8230; immer noch bin ich fasziniert von der Idylle, in der wir hier &#8222;gelandet&#8220; sind. Und ein bisschen f\u00fchle ich mich zur\u00fcckerinnert an meine erste Reise mit <a href=\"https:\/\/www.a-rosa.de\/flusskreuzfahrten\" target=\"_blank\" rel=\"noopener\">A-ROSA<\/a>. Auch da war er es, der erste <a href=\"https:\/\/blog.a-rosa.de\/kreuzfahrt-blog\/2017\/10\/16\/ein-herbsttag-in-hoorn\/\" target=\"_blank\" rel=\"noopener\">Hafen in Hoorn<\/a> unserer <a href=\"https:\/\/www.a-rosa.de\/flusskreuzfahrten\/rhein\/flusskreuzfahrten.html#|tmonth|2018\" target=\"_blank\" rel=\"noopener\">Rhein-Kreuzfahrt<\/a>, der mich so unfassbar \u00fcberrascht und geradezu begeistert hat. Zufall? Ich bin gespannt und freue mich schon jetzt auf all die noch unentdeckten Perlen, die ich w\u00e4hrend meiner Reise erkunden werde.<\/p>\n<p>Ich hoffe nat\u00fcrlich, dass auch ihr mich dabei wieder begleitet &#8211; auf zu neuen Abenteuern und vielen weiteren wundersch\u00f6nen Orten auf der Seine-Kreuzfahrt.<\/p>\n<p>Wenn ihr bis dahin keinen Artikel verpassen wollt, dann schaut auch gerne <a href=\"https:\/\/blog.a-rosa.de\/kreuzfahrt-blog\/river-cruise-blogger\/\" target=\"_blank\" rel=\"noopener\">HIER<\/a> vorbei. Da findet ihr alle Beitr\u00e4ge und seid somit immer bestens informiert \u00fcber all meine Erlebnisse und neuen Entdeckungen.<\/p>\n<p>Eure River\u00a0Cruise Bloggerin<\/p>\n<p><img loading=\"lazy\" decoding=\"async\" class=\"alignnone wp-image-2161\" src=\"https:\/\/blog.a-rosa.de\/wp-content\/uploads\/2017\/10\/signatur_anna-maria_600px-300x113.jpg\" alt=\"\" width=\"215\" height=\"81\" srcset=\"https:\/\/blog.a-rosa.de\/wp-content\/uploads\/2017\/10\/signatur_anna-maria_600px-300x113.jpg 300w, https:\/\/blog.a-rosa.de\/wp-content\/uploads\/2017\/10\/signatur_anna-maria_600px-450x170.jpg 450w, https:\/\/blog.a-rosa.de\/wp-content\/uploads\/2017\/10\/signatur_anna-maria_600px.jpg 600w\" sizes=\"(max-width: 215px) 100vw, 215px\" \/><\/p>\n","protected":false},"excerpt":{"rendered":"<p>Es ist der erste Stopp unserer siebent\u00e4gigen Seine-Kreuzfahrt mit der A-ROSA VIVA. Gegen halb 8 am Morgen kitzeln mich die ersten Sonnenstrahlen langsam wach. Noch etwas zerknautscht reibe ich mir den Schlaf aus den Augen, setze ich mich auf und starre auf einmal ganz fasziniert aus den bodentiefen Fenstern unserer Kabine. Offensichtlich haben wir heute [&hellip;]<\/p>\n","protected":false},"author":8,"featured_media":2630,"comment_status":"open","ping_status":"open","sticky":false,"template":"","format":"standard","meta":{"footnotes":""},"categories":[1,18,46],"tags":[],"yoast_head":"<!-- This site is optimized with the Yoast SEO plugin v24.5 - https:\/\/yoast.com\/wordpress\/plugins\/seo\/ -->\n<title>Les Andelys - der vielleicht idyllischste Ort der Normandie! - A-ROSA Blog<\/title>\n<meta name=\"robots\" content=\"index, follow, max-snippet:-1, max-image-preview:large, max-video-preview:-1\" \/>\n<link rel=\"canonical\" href=\"https:\/\/blog.a-rosa.de\/kreuzfahrt-blog\/a-rosa-persoenlich\/les-andelys-in-der-normandie\/\" \/>\n<meta property=\"og:locale\" content=\"de_DE\" \/>\n<meta property=\"og:type\" content=\"article\" \/>\n<meta property=\"og:title\" content=\"Les Andelys - der vielleicht idyllischste Ort der Normandie! - A-ROSA Blog\" \/>\n<meta property=\"og:description\" content=\"Es ist der erste Stopp unserer siebent\u00e4gigen Seine-Kreuzfahrt mit der A-ROSA VIVA. Gegen halb 8 am Morgen kitzeln mich die ersten Sonnenstrahlen langsam wach. Noch etwas zerknautscht reibe ich mir den Schlaf aus den Augen, setze ich mich auf und starre auf einmal ganz fasziniert aus den bodentiefen Fenstern unserer Kabine. Offensichtlich haben wir heute [&hellip;]\" \/>\n<meta property=\"og:url\" content=\"https:\/\/blog.a-rosa.de\/kreuzfahrt-blog\/a-rosa-persoenlich\/les-andelys-in-der-normandie\/\" \/>\n<meta property=\"og:site_name\" content=\"A-ROSA Blog\" \/>\n<meta property=\"article:publisher\" content=\"https:\/\/www.facebook.com\/AROSAKreuzfahrten\/\" \/>\n<meta property=\"article:published_time\" content=\"2017-11-04T16:18:18+00:00\" \/>\n<meta property=\"article:modified_time\" content=\"2025-07-17T15:49:27+00:00\" \/>\n<meta property=\"og:image\" content=\"https:\/\/blog.a-rosa.de\/wp-content\/uploads\/2017\/10\/IMG_4785-1024x683.jpg\" \/>\n\t<meta property=\"og:image:width\" content=\"1024\" \/>\n\t<meta property=\"og:image:height\" content=\"683\" \/>\n\t<meta property=\"og:image:type\" content=\"image\/jpeg\" \/>\n<meta name=\"author\" content=\"Anna-Maria Hickmann\" \/>\n<meta name=\"twitter:card\" content=\"summary_large_image\" \/>\n<meta name=\"twitter:creator\" content=\"@arosacruises\" \/>\n<meta name=\"twitter:site\" content=\"@arosacruises\" \/>\n<meta name=\"twitter:label1\" content=\"Verfasst von\" \/>\n\t<meta name=\"twitter:data1\" content=\"Anna-Maria Hickmann\" \/>\n\t<meta name=\"twitter:label2\" content=\"Gesch\u00e4tzte Lesezeit\" \/>\n\t<meta name=\"twitter:data2\" content=\"6\u00a0Minuten\" \/>\n<script type=\"application\/ld+json\" class=\"yoast-schema-graph\">{\"@context\":\"https:\/\/schema.org\",\"@graph\":[{\"@type\":\"Article\",\"@id\":\"https:\/\/blog.a-rosa.de\/kreuzfahrt-blog\/a-rosa-persoenlich\/les-andelys-in-der-normandie\/#article\",\"isPartOf\":{\"@id\":\"https:\/\/blog.a-rosa.de\/kreuzfahrt-blog\/a-rosa-persoenlich\/les-andelys-in-der-normandie\/\"},\"author\":{\"name\":\"Anna-Maria Hickmann\",\"@id\":\"https:\/\/blog.a-rosa.de\/kreuzfahrt-blog\/#\/schema\/person\/4d82081f9892f1227076070c8bbc1744\"},\"headline\":\"Les Andelys &#8211; der vielleicht idyllischste Ort der Normandie!\",\"datePublished\":\"2017-11-04T16:18:18+00:00\",\"dateModified\":\"2025-07-17T15:49:27+00:00\",\"mainEntityOfPage\":{\"@id\":\"https:\/\/blog.a-rosa.de\/kreuzfahrt-blog\/a-rosa-persoenlich\/les-andelys-in-der-normandie\/\"},\"wordCount\":829,\"commentCount\":0,\"publisher\":{\"@id\":\"https:\/\/blog.a-rosa.de\/kreuzfahrt-blog\/#organization\"},\"image\":{\"@id\":\"https:\/\/blog.a-rosa.de\/kreuzfahrt-blog\/a-rosa-persoenlich\/les-andelys-in-der-normandie\/#primaryimage\"},\"thumbnailUrl\":\"https:\/\/blog.a-rosa.de\/wp-content\/uploads\/2017\/10\/IMG_4785.jpg\",\"articleSection\":[\"A-ROSA pers\u00f6nlich\",\"Reiseziele\",\"River Cruise Blogger\"],\"inLanguage\":\"de\",\"potentialAction\":[{\"@type\":\"CommentAction\",\"name\":\"Comment\",\"target\":[\"https:\/\/blog.a-rosa.de\/kreuzfahrt-blog\/a-rosa-persoenlich\/les-andelys-in-der-normandie\/#respond\"]}]},{\"@type\":\"WebPage\",\"@id\":\"https:\/\/blog.a-rosa.de\/kreuzfahrt-blog\/a-rosa-persoenlich\/les-andelys-in-der-normandie\/\",\"url\":\"https:\/\/blog.a-rosa.de\/kreuzfahrt-blog\/a-rosa-persoenlich\/les-andelys-in-der-normandie\/\",\"name\":\"Les Andelys - der vielleicht idyllischste Ort der Normandie! - A-ROSA Blog\",\"isPartOf\":{\"@id\":\"https:\/\/blog.a-rosa.de\/kreuzfahrt-blog\/#website\"},\"primaryImageOfPage\":{\"@id\":\"https:\/\/blog.a-rosa.de\/kreuzfahrt-blog\/a-rosa-persoenlich\/les-andelys-in-der-normandie\/#primaryimage\"},\"image\":{\"@id\":\"https:\/\/blog.a-rosa.de\/kreuzfahrt-blog\/a-rosa-persoenlich\/les-andelys-in-der-normandie\/#primaryimage\"},\"thumbnailUrl\":\"https:\/\/blog.a-rosa.de\/wp-content\/uploads\/2017\/10\/IMG_4785.jpg\",\"datePublished\":\"2017-11-04T16:18:18+00:00\",\"dateModified\":\"2025-07-17T15:49:27+00:00\",\"breadcrumb\":{\"@id\":\"https:\/\/blog.a-rosa.de\/kreuzfahrt-blog\/a-rosa-persoenlich\/les-andelys-in-der-normandie\/#breadcrumb\"},\"inLanguage\":\"de\",\"potentialAction\":[{\"@type\":\"ReadAction\",\"target\":[\"https:\/\/blog.a-rosa.de\/kreuzfahrt-blog\/a-rosa-persoenlich\/les-andelys-in-der-normandie\/\"]}]},{\"@type\":\"ImageObject\",\"inLanguage\":\"de\",\"@id\":\"https:\/\/blog.a-rosa.de\/kreuzfahrt-blog\/a-rosa-persoenlich\/les-andelys-in-der-normandie\/#primaryimage\",\"url\":\"https:\/\/blog.a-rosa.de\/wp-content\/uploads\/2017\/10\/IMG_4785.jpg\",\"contentUrl\":\"https:\/\/blog.a-rosa.de\/wp-content\/uploads\/2017\/10\/IMG_4785.jpg\",\"width\":5472,\"height\":3648,\"caption\":\"Ausblick am Vormittag auf ein A-ROSA Schiff an der Seine bei Les Andelys mit herbstlich gef\u00e4rbten H\u00fcgeln im Hintergrund.\"},{\"@type\":\"BreadcrumbList\",\"@id\":\"https:\/\/blog.a-rosa.de\/kreuzfahrt-blog\/a-rosa-persoenlich\/les-andelys-in-der-normandie\/#breadcrumb\",\"itemListElement\":[{\"@type\":\"ListItem\",\"position\":1,\"name\":\"Startseite\",\"item\":\"https:\/\/blog.a-rosa.de\/kreuzfahrt-blog\/home\/\"},{\"@type\":\"ListItem\",\"position\":2,\"name\":\"Les Andelys &#8211; der vielleicht idyllischste Ort der Normandie!\"}]},{\"@type\":\"WebSite\",\"@id\":\"https:\/\/blog.a-rosa.de\/kreuzfahrt-blog\/#website\",\"url\":\"https:\/\/blog.a-rosa.de\/kreuzfahrt-blog\/\",\"name\":\"A-ROSA Blog\",\"description\":\"Flusskreuzfahrten hautnah erleben\",\"publisher\":{\"@id\":\"https:\/\/blog.a-rosa.de\/kreuzfahrt-blog\/#organization\"},\"potentialAction\":[{\"@type\":\"SearchAction\",\"target\":{\"@type\":\"EntryPoint\",\"urlTemplate\":\"https:\/\/blog.a-rosa.de\/kreuzfahrt-blog\/?s={search_term_string}\"},\"query-input\":{\"@type\":\"PropertyValueSpecification\",\"valueRequired\":true,\"valueName\":\"search_term_string\"}}],\"inLanguage\":\"de\"},{\"@type\":\"Organization\",\"@id\":\"https:\/\/blog.a-rosa.de\/kreuzfahrt-blog\/#organization\",\"name\":\"A-ROSA Flusschiff GmbH\",\"url\":\"https:\/\/blog.a-rosa.de\/kreuzfahrt-blog\/\",\"logo\":{\"@type\":\"ImageObject\",\"inLanguage\":\"de\",\"@id\":\"https:\/\/blog.a-rosa.de\/kreuzfahrt-blog\/#\/schema\/logo\/image\/\",\"url\":\"https:\/\/blog.a-rosa.de\/wp-content\/uploads\/2017\/06\/logo.png\",\"contentUrl\":\"https:\/\/blog.a-rosa.de\/wp-content\/uploads\/2017\/06\/logo.png\",\"width\":600,\"height\":200,\"caption\":\"A-ROSA Flusschiff GmbH\"},\"image\":{\"@id\":\"https:\/\/blog.a-rosa.de\/kreuzfahrt-blog\/#\/schema\/logo\/image\/\"},\"sameAs\":[\"https:\/\/www.facebook.com\/AROSAKreuzfahrten\/\",\"https:\/\/x.com\/arosacruises\",\"https:\/\/instagram.com\/arosacruises\",\"https:\/\/www.pinterest.de\/arosakreuzfahrten\/\",\"https:\/\/www.youtube.com\/user\/ArosaCrew\"]},{\"@type\":\"Person\",\"@id\":\"https:\/\/blog.a-rosa.de\/kreuzfahrt-blog\/#\/schema\/person\/4d82081f9892f1227076070c8bbc1744\",\"name\":\"Anna-Maria Hickmann\",\"description\":\"Als allererste River Cruise Bloggerin erkunde ich zusammen mit A-ROSA die Fl\u00fcsse Europas! 10 Wochen lang reise ich per Schiff zu einzigartigen Destination, stets mit der Kamera auf Anschlag, um f\u00fcr euch die sch\u00f6nsten Orte, die ganz besonderen Momente einzufangen. Und wer ich sonst so bin? Tourismus-Studentin und Kreuzfahrt-Enthusiastin! Bei mir dreht sich einfach alles ums Reisen ;-)\",\"sameAs\":[\"https:\/\/blog.a-rosa.de\/\"],\"url\":\"https:\/\/blog.a-rosa.de\/kreuzfahrt-blog\/author\/rivercruiseblogger\/\"}]}<\/script>\n<!-- \/ Yoast SEO plugin. -->","yoast_head_json":{"title":"Les Andelys - der vielleicht idyllischste Ort der Normandie! - A-ROSA Blog","robots":{"index":"index","follow":"follow","max-snippet":"max-snippet:-1","max-image-preview":"max-image-preview:large","max-video-preview":"max-video-preview:-1"},"canonical":"https:\/\/blog.a-rosa.de\/kreuzfahrt-blog\/a-rosa-persoenlich\/les-andelys-in-der-normandie\/","og_locale":"de_DE","og_type":"article","og_title":"Les Andelys - der vielleicht idyllischste Ort der Normandie! - A-ROSA Blog","og_description":"Es ist der erste Stopp unserer siebent\u00e4gigen Seine-Kreuzfahrt mit der A-ROSA VIVA. Gegen halb 8 am Morgen kitzeln mich die ersten Sonnenstrahlen langsam wach. Noch etwas zerknautscht reibe ich mir den Schlaf aus den Augen, setze ich mich auf und starre auf einmal ganz fasziniert aus den bodentiefen Fenstern unserer Kabine. Offensichtlich haben wir heute [&hellip;]","og_url":"https:\/\/blog.a-rosa.de\/kreuzfahrt-blog\/a-rosa-persoenlich\/les-andelys-in-der-normandie\/","og_site_name":"A-ROSA Blog","article_publisher":"https:\/\/www.facebook.com\/AROSAKreuzfahrten\/","article_published_time":"2017-11-04T16:18:18+00:00","article_modified_time":"2025-07-17T15:49:27+00:00","og_image":[{"width":1024,"height":683,"url":"https:\/\/blog.a-rosa.de\/wp-content\/uploads\/2017\/10\/IMG_4785-1024x683.jpg","type":"image\/jpeg"}],"author":"Anna-Maria Hickmann","twitter_card":"summary_large_image","twitter_creator":"@arosacruises","twitter_site":"@arosacruises","twitter_misc":{"Verfasst von":"Anna-Maria Hickmann","Gesch\u00e4tzte Lesezeit":"6\u00a0Minuten"},"schema":{"@context":"https:\/\/schema.org","@graph":[{"@type":"Article","@id":"https:\/\/blog.a-rosa.de\/kreuzfahrt-blog\/a-rosa-persoenlich\/les-andelys-in-der-normandie\/#article","isPartOf":{"@id":"https:\/\/blog.a-rosa.de\/kreuzfahrt-blog\/a-rosa-persoenlich\/les-andelys-in-der-normandie\/"},"author":{"name":"Anna-Maria Hickmann","@id":"https:\/\/blog.a-rosa.de\/kreuzfahrt-blog\/#\/schema\/person\/4d82081f9892f1227076070c8bbc1744"},"headline":"Les Andelys &#8211; der vielleicht idyllischste Ort der Normandie!","datePublished":"2017-11-04T16:18:18+00:00","dateModified":"2025-07-17T15:49:27+00:00","mainEntityOfPage":{"@id":"https:\/\/blog.a-rosa.de\/kreuzfahrt-blog\/a-rosa-persoenlich\/les-andelys-in-der-normandie\/"},"wordCount":829,"commentCount":0,"publisher":{"@id":"https:\/\/blog.a-rosa.de\/kreuzfahrt-blog\/#organization"},"image":{"@id":"https:\/\/blog.a-rosa.de\/kreuzfahrt-blog\/a-rosa-persoenlich\/les-andelys-in-der-normandie\/#primaryimage"},"thumbnailUrl":"https:\/\/blog.a-rosa.de\/wp-content\/uploads\/2017\/10\/IMG_4785.jpg","articleSection":["A-ROSA pers\u00f6nlich","Reiseziele","River Cruise Blogger"],"inLanguage":"de","potentialAction":[{"@type":"CommentAction","name":"Comment","target":["https:\/\/blog.a-rosa.de\/kreuzfahrt-blog\/a-rosa-persoenlich\/les-andelys-in-der-normandie\/#respond"]}]},{"@type":"WebPage","@id":"https:\/\/blog.a-rosa.de\/kreuzfahrt-blog\/a-rosa-persoenlich\/les-andelys-in-der-normandie\/","url":"https:\/\/blog.a-rosa.de\/kreuzfahrt-blog\/a-rosa-persoenlich\/les-andelys-in-der-normandie\/","name":"Les Andelys - der vielleicht idyllischste Ort der Normandie! - A-ROSA Blog","isPartOf":{"@id":"https:\/\/blog.a-rosa.de\/kreuzfahrt-blog\/#website"},"primaryImageOfPage":{"@id":"https:\/\/blog.a-rosa.de\/kreuzfahrt-blog\/a-rosa-persoenlich\/les-andelys-in-der-normandie\/#primaryimage"},"image":{"@id":"https:\/\/blog.a-rosa.de\/kreuzfahrt-blog\/a-rosa-persoenlich\/les-andelys-in-der-normandie\/#primaryimage"},"thumbnailUrl":"https:\/\/blog.a-rosa.de\/wp-content\/uploads\/2017\/10\/IMG_4785.jpg","datePublished":"2017-11-04T16:18:18+00:00","dateModified":"2025-07-17T15:49:27+00:00","breadcrumb":{"@id":"https:\/\/blog.a-rosa.de\/kreuzfahrt-blog\/a-rosa-persoenlich\/les-andelys-in-der-normandie\/#breadcrumb"},"inLanguage":"de","potentialAction":[{"@type":"ReadAction","target":["https:\/\/blog.a-rosa.de\/kreuzfahrt-blog\/a-rosa-persoenlich\/les-andelys-in-der-normandie\/"]}]},{"@type":"ImageObject","inLanguage":"de","@id":"https:\/\/blog.a-rosa.de\/kreuzfahrt-blog\/a-rosa-persoenlich\/les-andelys-in-der-normandie\/#primaryimage","url":"https:\/\/blog.a-rosa.de\/wp-content\/uploads\/2017\/10\/IMG_4785.jpg","contentUrl":"https:\/\/blog.a-rosa.de\/wp-content\/uploads\/2017\/10\/IMG_4785.jpg","width":5472,"height":3648,"caption":"Ausblick am Vormittag auf ein A-ROSA Schiff an der Seine bei Les Andelys mit herbstlich gef\u00e4rbten H\u00fcgeln im Hintergrund."},{"@type":"BreadcrumbList","@id":"https:\/\/blog.a-rosa.de\/kreuzfahrt-blog\/a-rosa-persoenlich\/les-andelys-in-der-normandie\/#breadcrumb","itemListElement":[{"@type":"ListItem","position":1,"name":"Startseite","item":"https:\/\/blog.a-rosa.de\/kreuzfahrt-blog\/home\/"},{"@type":"ListItem","position":2,"name":"Les Andelys &#8211; der vielleicht idyllischste Ort der Normandie!"}]},{"@type":"WebSite","@id":"https:\/\/blog.a-rosa.de\/kreuzfahrt-blog\/#website","url":"https:\/\/blog.a-rosa.de\/kreuzfahrt-blog\/","name":"A-ROSA Blog","description":"Flusskreuzfahrten hautnah erleben","publisher":{"@id":"https:\/\/blog.a-rosa.de\/kreuzfahrt-blog\/#organization"},"potentialAction":[{"@type":"SearchAction","target":{"@type":"EntryPoint","urlTemplate":"https:\/\/blog.a-rosa.de\/kreuzfahrt-blog\/?s={search_term_string}"},"query-input":{"@type":"PropertyValueSpecification","valueRequired":true,"valueName":"search_term_string"}}],"inLanguage":"de"},{"@type":"Organization","@id":"https:\/\/blog.a-rosa.de\/kreuzfahrt-blog\/#organization","name":"A-ROSA Flusschiff GmbH","url":"https:\/\/blog.a-rosa.de\/kreuzfahrt-blog\/","logo":{"@type":"ImageObject","inLanguage":"de","@id":"https:\/\/blog.a-rosa.de\/kreuzfahrt-blog\/#\/schema\/logo\/image\/","url":"https:\/\/blog.a-rosa.de\/wp-content\/uploads\/2017\/06\/logo.png","contentUrl":"https:\/\/blog.a-rosa.de\/wp-content\/uploads\/2017\/06\/logo.png","width":600,"height":200,"caption":"A-ROSA Flusschiff GmbH"},"image":{"@id":"https:\/\/blog.a-rosa.de\/kreuzfahrt-blog\/#\/schema\/logo\/image\/"},"sameAs":["https:\/\/www.facebook.com\/AROSAKreuzfahrten\/","https:\/\/x.com\/arosacruises","https:\/\/instagram.com\/arosacruises","https:\/\/www.pinterest.de\/arosakreuzfahrten\/","https:\/\/www.youtube.com\/user\/ArosaCrew"]},{"@type":"Person","@id":"https:\/\/blog.a-rosa.de\/kreuzfahrt-blog\/#\/schema\/person\/4d82081f9892f1227076070c8bbc1744","name":"Anna-Maria Hickmann","description":"Als allererste River Cruise Bloggerin erkunde ich zusammen mit A-ROSA die Fl\u00fcsse Europas! 10 Wochen lang reise ich per Schiff zu einzigartigen Destination, stets mit der Kamera auf Anschlag, um f\u00fcr euch die sch\u00f6nsten Orte, die ganz besonderen Momente einzufangen. Und wer ich sonst so bin? Tourismus-Studentin und Kreuzfahrt-Enthusiastin! Bei mir dreht sich einfach alles ums Reisen ;-)","sameAs":["https:\/\/blog.a-rosa.de\/"],"url":"https:\/\/blog.a-rosa.de\/kreuzfahrt-blog\/author\/rivercruiseblogger\/"}]}},"_links":{"self":[{"href":"https:\/\/blog.a-rosa.de\/kreuzfahrt-blog\/wp-json\/wp\/v2\/posts\/2625"}],"collection":[{"href":"https:\/\/blog.a-rosa.de\/kreuzfahrt-blog\/wp-json\/wp\/v2\/posts"}],"about":[{"href":"https:\/\/blog.a-rosa.de\/kreuzfahrt-blog\/wp-json\/wp\/v2\/types\/post"}],"author":[{"embeddable":true,"href":"https:\/\/blog.a-rosa.de\/kreuzfahrt-blog\/wp-json\/wp\/v2\/users\/8"}],"replies":[{"embeddable":true,"href":"https:\/\/blog.a-rosa.de\/kreuzfahrt-blog\/wp-json\/wp\/v2\/comments?post=2625"}],"version-history":[{"count":45,"href":"https:\/\/blog.a-rosa.de\/kreuzfahrt-blog\/wp-json\/wp\/v2\/posts\/2625\/revisions"}],"predecessor-version":[{"id":15284,"href":"https:\/\/blog.a-rosa.de\/kreuzfahrt-blog\/wp-json\/wp\/v2\/posts\/2625\/revisions\/15284"}],"wp:featuredmedia":[{"embeddable":true,"href":"https:\/\/blog.a-rosa.de\/kreuzfahrt-blog\/wp-json\/wp\/v2\/media\/2630"}],"wp:attachment":[{"href":"https:\/\/blog.a-rosa.de\/kreuzfahrt-blog\/wp-json\/wp\/v2\/media?parent=2625"}],"wp:term":[{"taxonomy":"category","embeddable":true,"href":"https:\/\/blog.a-rosa.de\/kreuzfahrt-blog\/wp-json\/wp\/v2\/categories?post=2625"},{"taxonomy":"post_tag","embeddable":true,"href":"https:\/\/blog.a-rosa.de\/kreuzfahrt-blog\/wp-json\/wp\/v2\/tags?post=2625"}],"curies":[{"name":"wp","href":"https:\/\/api.w.org\/{rel}","templated":true}]}}