{"id":12385,"date":"2023-04-21T10:54:55","date_gmt":"2023-04-21T08:54:55","guid":{"rendered":"https:\/\/blog.a-rosa.de\/kreuzfahrt-blog\/?p=12385"},"modified":"2025-07-16T17:29:16","modified_gmt":"2025-07-16T15:29:16","slug":"unsere-highlights-am-douro","status":"publish","type":"post","link":"https:\/\/blog.a-rosa.de\/kreuzfahrt-blog\/kreuzfahrt-reiseziele\/unsere-highlights-am-douro\/","title":{"rendered":"Unsere 3 Tipps f\u00fcr deine Douro-Kreuzfahrt"},"content":{"rendered":"<div class=\"wpb-content-wrapper\"><p>[vc_row][vc_column][vc_column_text]<em>Du liebst guten Wein, romantische Landschaften und bunte Hafenst\u00e4dte? Dann ist eine Reise auf dem Douro genau das Richtige f\u00fcr dich! Mit unserem <a href=\"https:\/\/www.a-rosa.de\/flusskreuzfahrten\/a-rosa-flotte\/a-rosa-alva.html\" target=\"_blank\" rel=\"noopener\">schwimmenden Hotel<\/a> erlebst du das Alto-Douro-Tal vom Fluss aus und entdeckst ganz nebenbei einige Newcomer der St\u00e4dtereiseszene wie Porto und Salamanca. Wir zeigen dir drei unserer pers\u00f6nlichen Highlights am sch\u00f6nsten Fluss Portugals!<\/em><\/p>\n<p><!--more-->[\/vc_column_text][\/vc_column][\/vc_row][vc_row][vc_column][vc_separator][\/vc_column][\/vc_row][vc_row][vc_column][vc_column_text css=&#8220;&#8220;]<\/p>\n<h2>BUNTES TREIBEN IN PORTO<\/h2>\n<p>Die hippe Hafenstadt hat so einiges zu bieten: n\u00e4mlich Genuss, Abenteuer und magische Momente.[\/vc_column_text][\/vc_column][\/vc_row][vc_row][vc_column][vc_column_text css=&#8220;.vc_custom_1752679655421{border-top-width: 20px !important;}&#8220;]<\/p>\n<h3>FRUCHTIG, S\u00dcSS &amp; SOMMERLICH<\/h3>\n<p>Wenn du in Porto bist, solltest du auf jeden Fall den ber\u00fchmten Portwein probieren. Wenn du ihn nicht nur schmecken, sondern auch \u201ef\u00fchlen\u201c m\u00f6chtest, besuche doch einen Winzer im Portwein-Viertel Vila Nova de Gaia! Zum Beispiel <a href=\"https:\/\/www.taylor.pt\/de\" target=\"_blank\" rel=\"noopener\">Taylor\u2019s<\/a> &#8211; mit 330 Jahren ist das eine der \u00e4ltesten Portwein-Adressen in der Stadt.[\/vc_column_text][\/vc_column][\/vc_row][vc_row][vc_column width=&#8220;1\/2&#8243;][vc_single_image image=&#8220;12390&#8243; img_size=&#8220;full&#8220;][\/vc_column][vc_column width=&#8220;1\/2&#8243;][vc_single_image image=&#8220;12391&#8243; img_size=&#8220;full&#8220;][\/vc_column][\/vc_row][vc_row][vc_column][vc_column_text css=&#8220;&#8220;]<\/p>\n<h3>TRADITIONELL &#8211; UND DOCH MODERN<\/h3>\n<p>Die h\u00fcgelige Hafenstadt am Douro ist rauer als Lissabon. Textil-, Lederwaren-, Metall- und chemische Industrie sind genauso angesiedelt wie unz\u00e4hlige Kachelfabriken, deren kunstvolle Erzeugnisse H\u00e4user und Kirchen schm\u00fccken. Der Charme der Handelsstadt spiegelt sich im Mix aus Verfall und restaurierten Fassaden wider &#8211; und aus Bodenst\u00e4ndigkeit und hippen Bars und Restaurants. Denn auch das k\u00f6nnen die Portuenser: nicht nur malochen, sondern auch feiern.[\/vc_column_text][\/vc_column][\/vc_row][vc_row][vc_column][vc_column_text css=&#8220;&#8220;]<\/p>\n<h3>VERZIERTE BAHNH\u00d6FE<\/h3>\n<p>Das beste Feeling f\u00fcr die Kunstfertigkeit von Portos Fliesenherstellern bekommt man im Bahnhof S\u00e3o Bento. Im Inneren verzieren rund 20.000 blau-wei\u00dfe Kacheln mit historischen Szenen die W\u00e4nde.[\/vc_column_text][vc_gallery interval=&#8220;5&#8243; images=&#8220;12398,12399,12401&#8243; img_size=&#8220;full&#8220;][\/vc_column][\/vc_row][vc_row][vc_column width=&#8220;1\/2&#8243; css=&#8220;.vc_custom_1737717367548{margin-top: 45px !important;}&#8220;][vc_column_text css=&#8220;&#8220;]<\/p>\n<h3>VERZAUBERTE TREPPEN<\/h3>\n<p>Von au\u00dfen ist die Livraria Lello neogotisch. Innen ist sie im Jugendstil gehalten. Und wundersch\u00f6n ist sie durch und durch, wie Millionen B\u00fccherw\u00fcrmer weltweit wissen. Sie wurde schon 1869 gebaut, seitdem immer wieder saniert und unter Denkmalschutz gestellt. Das schmale Geb\u00e4ude mit der noch schmaleren, gewundenen Holztreppe erstreckt sich \u00fcber mehrere Stockwerke und jedes einzelne erweckt das Gef\u00fchl: Magie gibt es doch.<\/p>\n<p>&#8222;Harry Potter&#8220;-Fans sollten sich die <a href=\"https:\/\/www.livrarialello.pt\/en\/home\" target=\"_blank\" rel=\"noopener\">Livraria Lello<\/a> nicht entgehen lassen. Das Zentrum dieser Buchhandlung bildet die kunstvoll verzierte Holztreppe, die die Autorin J.K. Rowling zu Orten in ihren Romanen inspiriert haben soll.[\/vc_column_text][\/vc_column][vc_column width=&#8220;1\/2&#8243;][vc_single_image image=&#8220;14654&#8243; img_size=&#8220;800&#215;1100&#8243; css=&#8220;&#8220;][\/vc_column][\/vc_row][vc_row][vc_column][vc_column_text css=&#8220;&#8220;]<\/p>\n<h3>NICHTS F\u00dcR SCHWACHE NERVEN<\/h3>\n<p>Ebenfalls ein Muss: Zu Fu\u00df die Ponte Dom Lu\u00eds I \u00fcberqueren. Die Br\u00fccke ist ein echter Eyecatcher. Wer fr\u00fch morgens oder sp\u00e4t abends auf dem oberen Deck die Uferseite wechselt, hat einen atemberaubenden Blick auf die Altstadt von Porto und die gegen\u00fcberliegenden H\u00e4nge. Genussfreunde sollten einen Abstecher in die Markthalle Mercado do Bolh\u00e3o machen. Dort findet man K\u00e4se-K\u00f6stlichkeiten, von Haken baumelnde Schinken, den aromatischen Bacalhau (D\u00f6rrfisch) oder einfach jene unverwechselbaren Sardinenb\u00fcchsen, die so retro sind, dass sie schon wieder cool wirken.[\/vc_column_text][vc_gallery interval=&#8220;5&#8243; images=&#8220;12395,12392,12396,12394&#8243; img_size=&#8220;full&#8220; css=&#8220;.vc_custom_1681400714557{margin-top: 30px !important;}&#8220;][\/vc_column][\/vc_row][vc_row][vc_column][vc_column_text css=&#8220;.vc_custom_1752679702062{margin-top: -10px !important;}&#8220;]<\/p>\n<h2>DIE GOLDENE STADT &#8211; SALAMANCA<\/h2>\n<p>Unser Ausflug nach Spanien f\u00fchrt dich in eine der sch\u00f6nsten und bedeutendsten St\u00e4dte des Landes.[\/vc_column_text][\/vc_column][\/vc_row][vc_row][vc_column][vc_single_image image=&#8220;12410&#8243; img_size=&#8220;full&#8220;][vc_column_text css=&#8220;&#8220;]<\/p>\n<h3>KUNSTVOLLE SANDSTEINARCHITEKTUR<\/h3>\n<p>UNESCO-Welterbe, Universit\u00e4tsstadt oder \u201eGoldene Stadt\u201c \u2013 entdecke die sch\u00f6nsten Seiten Salamancas einfach zu Fu\u00df! Denn zum Gl\u00fcck sind die meisten Sehensw\u00fcrdigkeiten schnell und einfach zu erreichen. Darunter die weltber\u00fchmte Universit\u00e4t, der Plaza Mayor und die Puente Romano. Du fragst dich, warum Salamanca &#8222;die goldene Stadt&#8220; genannt wird? Bei Sonnenuntergang leuchten die Bauwerke dank des Sandsteins in einem fast magischen Goldton.[\/vc_column_text][vc_gallery interval=&#8220;5&#8243; images=&#8220;12413,12408,12409,12411&#8243; img_size=&#8220;full&#8220; css=&#8220;.vc_custom_1681814196821{margin-top: 30px !important;}&#8220;][\/vc_column][\/vc_row][vc_row][vc_column][vc_column_text css=&#8220;.vc_custom_1752679716607{margin-top: -10px !important;}&#8220;]<\/p>\n<h3>F\u00dcR BUCHLIEBHABER<\/h3>\n<p>Insbesondere Literaturfans kommen bei einem Besuch der Casa de las Conchas auf ihre Kosten. Das prachtvolle Haus wurde 1493 \u2013 1517 von einem Professor und Ritter erbaut und mit 300 Muscheln verziert. Heute ist hier eine \u00f6ffentliche Bibliothek zu finden.[\/vc_column_text][\/vc_column][\/vc_row][vc_row][vc_column][vc_column_text css=&#8220;&#8220;]<\/p>\n<h3>UNESCO-WELTERBE: DAS ALTO-DOURO-TAL<\/h3>\n<p>Die Weinregion Alto Douro geh\u00f6rt seit 2001 zum UNESCO-Welterbe &#8211; und mit Sicherheit zu einer der sch\u00f6nsten Landschaften der Erde.[\/vc_column_text][\/vc_column][\/vc_row][vc_row][vc_column][vc_gallery type=&#8220;flexslider_slide&#8220; interval=&#8220;5&#8243; images=&#8220;12418,12414,12415,12417,12416&#8243; img_size=&#8220;full&#8220;][vc_column_text css=&#8220;.vc_custom_1752679747623{margin-top: -10px !important;}&#8220;]<\/p>\n<h3>KULINARISCHE GESCHICHTE<\/h3>\n<p>Seit \u00fcber 250 Jahren ist dieses Tal die Heimat des Portweins. Wein wird hier aber schon seit der Bronzezeit angebaut. Daneben gibt es Mandel- und Kirschbaumg\u00e4rten und viele naturbelassene Gegenden, etwa den Parque Natural do Douro Internacional bei Barca d\u2019Alva. Der H\u00f6hepunkt ist und bleibt aber der Besuch eines der 50 Weing\u00fcter, bei dem du herzlich zu einem Tasting eingeladen bist.[\/vc_column_text][\/vc_column][\/vc_row][vc_row][vc_column][vc_single_image image=&#8220;12420&#8243; img_size=&#8220;full&#8220;][vc_column_text css=&#8220;.vc_custom_1752679752882{border-top-width: 40px !important;}&#8220;]<\/p>\n<h3>EIN PALAST IM WEINGEBIET<\/h3>\n<p>Die <a href=\"https:\/\/www.casademateus.com\/?lang=en\" target=\"_blank\" rel=\"noopener\">Casa de Mateus<\/a> &#8211; ein portugiesisches Barock vom Feinsten &#8211; liegt etwa drei Kilometer au\u00dferhalb von Vila Real. Sollte dir der Bau bekannt vorkommen, kein Wunder: Ein Bild von ihm schm\u00fcckt das Etikett der Weinmarke \u201eMateus Ros\u00e9\u201c.[\/vc_column_text][\/vc_column][\/vc_row][vc_row][vc_column width=&#8220;1\/2&#8243;][vc_single_image image=&#8220;12421&#8243; img_size=&#8220;full&#8220;][\/vc_column][vc_column width=&#8220;1\/2&#8243;][vc_single_image image=&#8220;12422&#8243; img_size=&#8220;full&#8220;][\/vc_column][\/vc_row][vc_row][vc_column][vc_column_text css=&#8220;.vc_custom_1681466473659{border-top-width: 1px !important;border-right-width: 1px !important;border-bottom-width: 1px !important;border-left-width: 1px !important;padding-top: 6px !important;padding-right: 8px !important;padding-bottom: 10px !important;padding-left: 8px !important;background-color: #ffffff !important;border-left-color: #a1171e !important;border-right-color: #a1171e !important;border-top-color: #a1171e !important;border-bottom-color: #a1171e !important;border-radius: 3px !important;}&#8220;]<\/p>\n<p style=\"text-align: center;\">M\u00f6chtest du unsere Highlights am Douro selbst einmal erleben?<br \/>\nDann st\u00f6bere jetzt in unseren <a href=\"https:\/\/www.a-rosa.de\/flusskreuzfahrten\/douro\/flusskreuzfahrten.html\" target=\"_blank\" rel=\"noopener\">St\u00e4dtereisen durch Portugal<\/a>. \u00dcbrigens: Wir haben auch ein <a href=\"https:\/\/www.a-rosa.de\/flusskreuzfahrten\/angebote\/douro-nachprogramm.html\" target=\"_blank\" rel=\"noopener\">Douro-Nachprogramm<\/a> f\u00fcr dich auf die Beine gestellt, falls du deinen Urlaub verl\u00e4ngern m\u00f6chtest&#8230;<\/p>\n<p>[\/vc_column_text][\/vc_column][\/vc_row][vc_row][vc_column][vc_raw_html]JTNDaWZyYW1lJTIwd2lkdGglM0QlMjI1NjAlMjIlMjBoZWlnaHQlM0QlMjIzMTUlMjIlMjBzdHlsZSUzRCUyMndpZHRoJTNBJTIwMTAwJTI1JTNCJTIyJTIwc3JjJTNEJTIyaHR0cHMlM0ElMkYlMkZ3d3cueW91dHViZS5jb20lMkZlbWJlZCUyRmhTWl91cmVBREgwJTIyJTIwdGl0bGUlM0QlMjJZb3VUdWJlJTIwdmlkZW8lMjBwbGF5ZXIlMjIlMjBmcmFtZWJvcmRlciUzRCUyMjAlMjIlMjBhbGxvdyUzRCUyMmFjY2VsZXJvbWV0ZXIlM0IlMjBhdXRvcGxheSUzQiUyMGNsaXBib2FyZC13cml0ZSUzQiUyMGVuY3J5cHRlZC1tZWRpYSUzQiUyMGd5cm9zY29wZSUzQiUyMHBpY3R1cmUtaW4tcGljdHVyZSUyMiUyMGFsbG93ZnVsbHNjcmVlbiUzRSUzQyUyRmlmcmFtZSUzRQ==[\/vc_raw_html][\/vc_column][\/vc_row]<\/p>\n<\/div>","protected":false},"excerpt":{"rendered":"<p>[vc_row][vc_column][vc_column_text]Du liebst guten Wein, romantische Landschaften und bunte Hafenst\u00e4dte? Dann ist eine Reise auf dem Douro genau das Richtige f\u00fcr dich! Mit unserem schwimmenden Hotel erlebst du das Alto-Douro-Tal vom Fluss aus und entdeckst ganz nebenbei einige Newcomer der St\u00e4dtereiseszene wie Porto und Salamanca. Wir zeigen dir drei unserer pers\u00f6nlichen Highlights am sch\u00f6nsten Fluss Portugals!<\/p>\n","protected":false},"author":15,"featured_media":12397,"comment_status":"open","ping_status":"open","sticky":false,"template":"","format":"standard","meta":{"footnotes":""},"categories":[18],"tags":[53,71,98,40,90,35,62],"yoast_head":"<!-- This site is optimized with the Yoast SEO plugin v24.5 - https:\/\/yoast.com\/wordpress\/plugins\/seo\/ -->\n<title>Unsere 3 Tipps f\u00fcr deine Douro-Kreuzfahrt | A-ROSA Blog<\/title>\n<meta name=\"description\" content=\"Wir zeigen dir drei unserer pers\u00f6nlichen Highlights am sch\u00f6nsten Fluss Portugals! Entdecke mit uns den Douro.\" \/>\n<meta name=\"robots\" content=\"index, follow, max-snippet:-1, max-image-preview:large, max-video-preview:-1\" \/>\n<link rel=\"canonical\" href=\"https:\/\/blog.a-rosa.de\/kreuzfahrt-blog\/kreuzfahrt-reiseziele\/unsere-highlights-am-douro\/\" \/>\n<meta property=\"og:locale\" content=\"de_DE\" \/>\n<meta property=\"og:type\" content=\"article\" \/>\n<meta property=\"og:title\" content=\"Unsere 3 Tipps f\u00fcr deine Douro-Kreuzfahrt | A-ROSA Blog\" \/>\n<meta property=\"og:description\" content=\"Wir zeigen dir drei unserer pers\u00f6nlichen Highlights am sch\u00f6nsten Fluss Portugals! Entdecke mit uns den Douro.\" \/>\n<meta property=\"og:url\" content=\"https:\/\/blog.a-rosa.de\/kreuzfahrt-blog\/kreuzfahrt-reiseziele\/unsere-highlights-am-douro\/\" \/>\n<meta property=\"og:site_name\" content=\"A-ROSA Blog\" \/>\n<meta property=\"article:publisher\" content=\"https:\/\/www.facebook.com\/AROSAKreuzfahrten\/\" \/>\n<meta property=\"article:published_time\" content=\"2023-04-21T08:54:55+00:00\" \/>\n<meta property=\"article:modified_time\" content=\"2025-07-16T15:29:16+00:00\" \/>\n<meta property=\"og:image\" content=\"https:\/\/blog.a-rosa.de\/wp-content\/uploads\/2023\/04\/B21I2435-scaled.jpg\" \/>\n\t<meta property=\"og:image:width\" content=\"2560\" \/>\n\t<meta property=\"og:image:height\" content=\"1707\" \/>\n\t<meta property=\"og:image:type\" content=\"image\/jpeg\" \/>\n<meta name=\"author\" content=\"Caroline Eppinger\" \/>\n<meta name=\"twitter:card\" content=\"summary_large_image\" \/>\n<meta name=\"twitter:creator\" content=\"@arosacruises\" \/>\n<meta name=\"twitter:site\" content=\"@arosacruises\" \/>\n<meta name=\"twitter:label1\" content=\"Verfasst von\" \/>\n\t<meta name=\"twitter:data1\" content=\"Caroline Eppinger\" \/>\n\t<meta name=\"twitter:label2\" content=\"Gesch\u00e4tzte Lesezeit\" \/>\n\t<meta name=\"twitter:data2\" content=\"10\u00a0Minuten\" \/>\n<script type=\"application\/ld+json\" class=\"yoast-schema-graph\">{\"@context\":\"https:\/\/schema.org\",\"@graph\":[{\"@type\":\"Article\",\"@id\":\"https:\/\/blog.a-rosa.de\/kreuzfahrt-blog\/kreuzfahrt-reiseziele\/unsere-highlights-am-douro\/#article\",\"isPartOf\":{\"@id\":\"https:\/\/blog.a-rosa.de\/kreuzfahrt-blog\/kreuzfahrt-reiseziele\/unsere-highlights-am-douro\/\"},\"author\":{\"name\":\"Caroline Eppinger\",\"@id\":\"https:\/\/blog.a-rosa.de\/kreuzfahrt-blog\/#\/schema\/person\/2aabce271d4f137d3a66e8b4041b3f91\"},\"headline\":\"Unsere 3 Tipps f\u00fcr deine Douro-Kreuzfahrt\",\"datePublished\":\"2023-04-21T08:54:55+00:00\",\"dateModified\":\"2025-07-16T15:29:16+00:00\",\"mainEntityOfPage\":{\"@id\":\"https:\/\/blog.a-rosa.de\/kreuzfahrt-blog\/kreuzfahrt-reiseziele\/unsere-highlights-am-douro\/\"},\"wordCount\":1232,\"commentCount\":0,\"publisher\":{\"@id\":\"https:\/\/blog.a-rosa.de\/kreuzfahrt-blog\/#organization\"},\"image\":{\"@id\":\"https:\/\/blog.a-rosa.de\/kreuzfahrt-blog\/kreuzfahrt-reiseziele\/unsere-highlights-am-douro\/#primaryimage\"},\"thumbnailUrl\":\"https:\/\/blog.a-rosa.de\/wp-content\/uploads\/2023\/04\/B21I2435-scaled.jpg\",\"keywords\":[\"a-rosa\",\"ausfl\u00fcge\",\"douro\",\"flusskreuzfahrt\",\"portugal\",\"St\u00e4dtereise\",\"tipps\"],\"articleSection\":[\"Reiseziele\"],\"inLanguage\":\"de\",\"potentialAction\":[{\"@type\":\"CommentAction\",\"name\":\"Comment\",\"target\":[\"https:\/\/blog.a-rosa.de\/kreuzfahrt-blog\/kreuzfahrt-reiseziele\/unsere-highlights-am-douro\/#respond\"]}]},{\"@type\":\"WebPage\",\"@id\":\"https:\/\/blog.a-rosa.de\/kreuzfahrt-blog\/kreuzfahrt-reiseziele\/unsere-highlights-am-douro\/\",\"url\":\"https:\/\/blog.a-rosa.de\/kreuzfahrt-blog\/kreuzfahrt-reiseziele\/unsere-highlights-am-douro\/\",\"name\":\"Unsere 3 Tipps f\u00fcr deine Douro-Kreuzfahrt | A-ROSA Blog\",\"isPartOf\":{\"@id\":\"https:\/\/blog.a-rosa.de\/kreuzfahrt-blog\/#website\"},\"primaryImageOfPage\":{\"@id\":\"https:\/\/blog.a-rosa.de\/kreuzfahrt-blog\/kreuzfahrt-reiseziele\/unsere-highlights-am-douro\/#primaryimage\"},\"image\":{\"@id\":\"https:\/\/blog.a-rosa.de\/kreuzfahrt-blog\/kreuzfahrt-reiseziele\/unsere-highlights-am-douro\/#primaryimage\"},\"thumbnailUrl\":\"https:\/\/blog.a-rosa.de\/wp-content\/uploads\/2023\/04\/B21I2435-scaled.jpg\",\"datePublished\":\"2023-04-21T08:54:55+00:00\",\"dateModified\":\"2025-07-16T15:29:16+00:00\",\"description\":\"Wir zeigen dir drei unserer pers\u00f6nlichen Highlights am sch\u00f6nsten Fluss Portugals! Entdecke mit uns den Douro.\",\"breadcrumb\":{\"@id\":\"https:\/\/blog.a-rosa.de\/kreuzfahrt-blog\/kreuzfahrt-reiseziele\/unsere-highlights-am-douro\/#breadcrumb\"},\"inLanguage\":\"de\",\"potentialAction\":[{\"@type\":\"ReadAction\",\"target\":[\"https:\/\/blog.a-rosa.de\/kreuzfahrt-blog\/kreuzfahrt-reiseziele\/unsere-highlights-am-douro\/\"]}]},{\"@type\":\"ImageObject\",\"inLanguage\":\"de\",\"@id\":\"https:\/\/blog.a-rosa.de\/kreuzfahrt-blog\/kreuzfahrt-reiseziele\/unsere-highlights-am-douro\/#primaryimage\",\"url\":\"https:\/\/blog.a-rosa.de\/wp-content\/uploads\/2023\/04\/B21I2435-scaled.jpg\",\"contentUrl\":\"https:\/\/blog.a-rosa.de\/wp-content\/uploads\/2023\/04\/B21I2435-scaled.jpg\",\"width\":2560,\"height\":1707,\"caption\":\"Flusskreuzfahrtschiff A-ROSA ALVA unter einer gro\u00dfen Betonbogenbr\u00fccke bei sonnigem Wetter, im Hintergrund H\u00fcgel\"},{\"@type\":\"BreadcrumbList\",\"@id\":\"https:\/\/blog.a-rosa.de\/kreuzfahrt-blog\/kreuzfahrt-reiseziele\/unsere-highlights-am-douro\/#breadcrumb\",\"itemListElement\":[{\"@type\":\"ListItem\",\"position\":1,\"name\":\"Startseite\",\"item\":\"https:\/\/blog.a-rosa.de\/kreuzfahrt-blog\/home\/\"},{\"@type\":\"ListItem\",\"position\":2,\"name\":\"Unsere 3 Tipps f\u00fcr deine Douro-Kreuzfahrt\"}]},{\"@type\":\"WebSite\",\"@id\":\"https:\/\/blog.a-rosa.de\/kreuzfahrt-blog\/#website\",\"url\":\"https:\/\/blog.a-rosa.de\/kreuzfahrt-blog\/\",\"name\":\"A-ROSA Blog\",\"description\":\"Flusskreuzfahrten hautnah erleben\",\"publisher\":{\"@id\":\"https:\/\/blog.a-rosa.de\/kreuzfahrt-blog\/#organization\"},\"potentialAction\":[{\"@type\":\"SearchAction\",\"target\":{\"@type\":\"EntryPoint\",\"urlTemplate\":\"https:\/\/blog.a-rosa.de\/kreuzfahrt-blog\/?s={search_term_string}\"},\"query-input\":{\"@type\":\"PropertyValueSpecification\",\"valueRequired\":true,\"valueName\":\"search_term_string\"}}],\"inLanguage\":\"de\"},{\"@type\":\"Organization\",\"@id\":\"https:\/\/blog.a-rosa.de\/kreuzfahrt-blog\/#organization\",\"name\":\"A-ROSA Flusschiff GmbH\",\"url\":\"https:\/\/blog.a-rosa.de\/kreuzfahrt-blog\/\",\"logo\":{\"@type\":\"ImageObject\",\"inLanguage\":\"de\",\"@id\":\"https:\/\/blog.a-rosa.de\/kreuzfahrt-blog\/#\/schema\/logo\/image\/\",\"url\":\"https:\/\/blog.a-rosa.de\/wp-content\/uploads\/2017\/06\/logo.png\",\"contentUrl\":\"https:\/\/blog.a-rosa.de\/wp-content\/uploads\/2017\/06\/logo.png\",\"width\":600,\"height\":200,\"caption\":\"A-ROSA Flusschiff GmbH\"},\"image\":{\"@id\":\"https:\/\/blog.a-rosa.de\/kreuzfahrt-blog\/#\/schema\/logo\/image\/\"},\"sameAs\":[\"https:\/\/www.facebook.com\/AROSAKreuzfahrten\/\",\"https:\/\/x.com\/arosacruises\",\"https:\/\/instagram.com\/arosacruises\",\"https:\/\/www.pinterest.de\/arosakreuzfahrten\/\",\"https:\/\/www.youtube.com\/user\/ArosaCrew\"]},{\"@type\":\"Person\",\"@id\":\"https:\/\/blog.a-rosa.de\/kreuzfahrt-blog\/#\/schema\/person\/2aabce271d4f137d3a66e8b4041b3f91\",\"name\":\"Caroline Eppinger\",\"sameAs\":[\"https:\/\/www.a-rosa.de\/\"],\"url\":\"https:\/\/blog.a-rosa.de\/kreuzfahrt-blog\/author\/ceppinger\/\"}]}<\/script>\n<!-- \/ Yoast SEO plugin. -->","yoast_head_json":{"title":"Unsere 3 Tipps f\u00fcr deine Douro-Kreuzfahrt | A-ROSA Blog","description":"Wir zeigen dir drei unserer pers\u00f6nlichen Highlights am sch\u00f6nsten Fluss Portugals! Entdecke mit uns den Douro.","robots":{"index":"index","follow":"follow","max-snippet":"max-snippet:-1","max-image-preview":"max-image-preview:large","max-video-preview":"max-video-preview:-1"},"canonical":"https:\/\/blog.a-rosa.de\/kreuzfahrt-blog\/kreuzfahrt-reiseziele\/unsere-highlights-am-douro\/","og_locale":"de_DE","og_type":"article","og_title":"Unsere 3 Tipps f\u00fcr deine Douro-Kreuzfahrt | A-ROSA Blog","og_description":"Wir zeigen dir drei unserer pers\u00f6nlichen Highlights am sch\u00f6nsten Fluss Portugals! Entdecke mit uns den Douro.","og_url":"https:\/\/blog.a-rosa.de\/kreuzfahrt-blog\/kreuzfahrt-reiseziele\/unsere-highlights-am-douro\/","og_site_name":"A-ROSA Blog","article_publisher":"https:\/\/www.facebook.com\/AROSAKreuzfahrten\/","article_published_time":"2023-04-21T08:54:55+00:00","article_modified_time":"2025-07-16T15:29:16+00:00","og_image":[{"width":2560,"height":1707,"url":"https:\/\/blog.a-rosa.de\/wp-content\/uploads\/2023\/04\/B21I2435-scaled.jpg","type":"image\/jpeg"}],"author":"Caroline Eppinger","twitter_card":"summary_large_image","twitter_creator":"@arosacruises","twitter_site":"@arosacruises","twitter_misc":{"Verfasst von":"Caroline Eppinger","Gesch\u00e4tzte Lesezeit":"10\u00a0Minuten"},"schema":{"@context":"https:\/\/schema.org","@graph":[{"@type":"Article","@id":"https:\/\/blog.a-rosa.de\/kreuzfahrt-blog\/kreuzfahrt-reiseziele\/unsere-highlights-am-douro\/#article","isPartOf":{"@id":"https:\/\/blog.a-rosa.de\/kreuzfahrt-blog\/kreuzfahrt-reiseziele\/unsere-highlights-am-douro\/"},"author":{"name":"Caroline Eppinger","@id":"https:\/\/blog.a-rosa.de\/kreuzfahrt-blog\/#\/schema\/person\/2aabce271d4f137d3a66e8b4041b3f91"},"headline":"Unsere 3 Tipps f\u00fcr deine Douro-Kreuzfahrt","datePublished":"2023-04-21T08:54:55+00:00","dateModified":"2025-07-16T15:29:16+00:00","mainEntityOfPage":{"@id":"https:\/\/blog.a-rosa.de\/kreuzfahrt-blog\/kreuzfahrt-reiseziele\/unsere-highlights-am-douro\/"},"wordCount":1232,"commentCount":0,"publisher":{"@id":"https:\/\/blog.a-rosa.de\/kreuzfahrt-blog\/#organization"},"image":{"@id":"https:\/\/blog.a-rosa.de\/kreuzfahrt-blog\/kreuzfahrt-reiseziele\/unsere-highlights-am-douro\/#primaryimage"},"thumbnailUrl":"https:\/\/blog.a-rosa.de\/wp-content\/uploads\/2023\/04\/B21I2435-scaled.jpg","keywords":["a-rosa","ausfl\u00fcge","douro","flusskreuzfahrt","portugal","St\u00e4dtereise","tipps"],"articleSection":["Reiseziele"],"inLanguage":"de","potentialAction":[{"@type":"CommentAction","name":"Comment","target":["https:\/\/blog.a-rosa.de\/kreuzfahrt-blog\/kreuzfahrt-reiseziele\/unsere-highlights-am-douro\/#respond"]}]},{"@type":"WebPage","@id":"https:\/\/blog.a-rosa.de\/kreuzfahrt-blog\/kreuzfahrt-reiseziele\/unsere-highlights-am-douro\/","url":"https:\/\/blog.a-rosa.de\/kreuzfahrt-blog\/kreuzfahrt-reiseziele\/unsere-highlights-am-douro\/","name":"Unsere 3 Tipps f\u00fcr deine Douro-Kreuzfahrt | A-ROSA Blog","isPartOf":{"@id":"https:\/\/blog.a-rosa.de\/kreuzfahrt-blog\/#website"},"primaryImageOfPage":{"@id":"https:\/\/blog.a-rosa.de\/kreuzfahrt-blog\/kreuzfahrt-reiseziele\/unsere-highlights-am-douro\/#primaryimage"},"image":{"@id":"https:\/\/blog.a-rosa.de\/kreuzfahrt-blog\/kreuzfahrt-reiseziele\/unsere-highlights-am-douro\/#primaryimage"},"thumbnailUrl":"https:\/\/blog.a-rosa.de\/wp-content\/uploads\/2023\/04\/B21I2435-scaled.jpg","datePublished":"2023-04-21T08:54:55+00:00","dateModified":"2025-07-16T15:29:16+00:00","description":"Wir zeigen dir drei unserer pers\u00f6nlichen Highlights am sch\u00f6nsten Fluss Portugals! Entdecke mit uns den Douro.","breadcrumb":{"@id":"https:\/\/blog.a-rosa.de\/kreuzfahrt-blog\/kreuzfahrt-reiseziele\/unsere-highlights-am-douro\/#breadcrumb"},"inLanguage":"de","potentialAction":[{"@type":"ReadAction","target":["https:\/\/blog.a-rosa.de\/kreuzfahrt-blog\/kreuzfahrt-reiseziele\/unsere-highlights-am-douro\/"]}]},{"@type":"ImageObject","inLanguage":"de","@id":"https:\/\/blog.a-rosa.de\/kreuzfahrt-blog\/kreuzfahrt-reiseziele\/unsere-highlights-am-douro\/#primaryimage","url":"https:\/\/blog.a-rosa.de\/wp-content\/uploads\/2023\/04\/B21I2435-scaled.jpg","contentUrl":"https:\/\/blog.a-rosa.de\/wp-content\/uploads\/2023\/04\/B21I2435-scaled.jpg","width":2560,"height":1707,"caption":"Flusskreuzfahrtschiff A-ROSA ALVA unter einer gro\u00dfen Betonbogenbr\u00fccke bei sonnigem Wetter, im Hintergrund H\u00fcgel"},{"@type":"BreadcrumbList","@id":"https:\/\/blog.a-rosa.de\/kreuzfahrt-blog\/kreuzfahrt-reiseziele\/unsere-highlights-am-douro\/#breadcrumb","itemListElement":[{"@type":"ListItem","position":1,"name":"Startseite","item":"https:\/\/blog.a-rosa.de\/kreuzfahrt-blog\/home\/"},{"@type":"ListItem","position":2,"name":"Unsere 3 Tipps f\u00fcr deine Douro-Kreuzfahrt"}]},{"@type":"WebSite","@id":"https:\/\/blog.a-rosa.de\/kreuzfahrt-blog\/#website","url":"https:\/\/blog.a-rosa.de\/kreuzfahrt-blog\/","name":"A-ROSA Blog","description":"Flusskreuzfahrten hautnah erleben","publisher":{"@id":"https:\/\/blog.a-rosa.de\/kreuzfahrt-blog\/#organization"},"potentialAction":[{"@type":"SearchAction","target":{"@type":"EntryPoint","urlTemplate":"https:\/\/blog.a-rosa.de\/kreuzfahrt-blog\/?s={search_term_string}"},"query-input":{"@type":"PropertyValueSpecification","valueRequired":true,"valueName":"search_term_string"}}],"inLanguage":"de"},{"@type":"Organization","@id":"https:\/\/blog.a-rosa.de\/kreuzfahrt-blog\/#organization","name":"A-ROSA Flusschiff GmbH","url":"https:\/\/blog.a-rosa.de\/kreuzfahrt-blog\/","logo":{"@type":"ImageObject","inLanguage":"de","@id":"https:\/\/blog.a-rosa.de\/kreuzfahrt-blog\/#\/schema\/logo\/image\/","url":"https:\/\/blog.a-rosa.de\/wp-content\/uploads\/2017\/06\/logo.png","contentUrl":"https:\/\/blog.a-rosa.de\/wp-content\/uploads\/2017\/06\/logo.png","width":600,"height":200,"caption":"A-ROSA Flusschiff GmbH"},"image":{"@id":"https:\/\/blog.a-rosa.de\/kreuzfahrt-blog\/#\/schema\/logo\/image\/"},"sameAs":["https:\/\/www.facebook.com\/AROSAKreuzfahrten\/","https:\/\/x.com\/arosacruises","https:\/\/instagram.com\/arosacruises","https:\/\/www.pinterest.de\/arosakreuzfahrten\/","https:\/\/www.youtube.com\/user\/ArosaCrew"]},{"@type":"Person","@id":"https:\/\/blog.a-rosa.de\/kreuzfahrt-blog\/#\/schema\/person\/2aabce271d4f137d3a66e8b4041b3f91","name":"Caroline Eppinger","sameAs":["https:\/\/www.a-rosa.de\/"],"url":"https:\/\/blog.a-rosa.de\/kreuzfahrt-blog\/author\/ceppinger\/"}]}},"_links":{"self":[{"href":"https:\/\/blog.a-rosa.de\/kreuzfahrt-blog\/wp-json\/wp\/v2\/posts\/12385"}],"collection":[{"href":"https:\/\/blog.a-rosa.de\/kreuzfahrt-blog\/wp-json\/wp\/v2\/posts"}],"about":[{"href":"https:\/\/blog.a-rosa.de\/kreuzfahrt-blog\/wp-json\/wp\/v2\/types\/post"}],"author":[{"embeddable":true,"href":"https:\/\/blog.a-rosa.de\/kreuzfahrt-blog\/wp-json\/wp\/v2\/users\/15"}],"replies":[{"embeddable":true,"href":"https:\/\/blog.a-rosa.de\/kreuzfahrt-blog\/wp-json\/wp\/v2\/comments?post=12385"}],"version-history":[{"count":31,"href":"https:\/\/blog.a-rosa.de\/kreuzfahrt-blog\/wp-json\/wp\/v2\/posts\/12385\/revisions"}],"predecessor-version":[{"id":15103,"href":"https:\/\/blog.a-rosa.de\/kreuzfahrt-blog\/wp-json\/wp\/v2\/posts\/12385\/revisions\/15103"}],"wp:featuredmedia":[{"embeddable":true,"href":"https:\/\/blog.a-rosa.de\/kreuzfahrt-blog\/wp-json\/wp\/v2\/media\/12397"}],"wp:attachment":[{"href":"https:\/\/blog.a-rosa.de\/kreuzfahrt-blog\/wp-json\/wp\/v2\/media?parent=12385"}],"wp:term":[{"taxonomy":"category","embeddable":true,"href":"https:\/\/blog.a-rosa.de\/kreuzfahrt-blog\/wp-json\/wp\/v2\/categories?post=12385"},{"taxonomy":"post_tag","embeddable":true,"href":"https:\/\/blog.a-rosa.de\/kreuzfahrt-blog\/wp-json\/wp\/v2\/tags?post=12385"}],"curies":[{"name":"wp","href":"https:\/\/api.w.org\/{rel}","templated":true}]}}